{"id":125985,"date":"2025-03-14T11:20:04","date_gmt":"2025-03-14T14:20:04","guid":{"rendered":"https:\/\/www.actualidadadiario.com\/?p=125985"},"modified":"2025-03-14T11:20:04","modified_gmt":"2025-03-14T14:20:04","slug":"en-agosto-se-realizara-la-feria-el-becario-te-muestra","status":"publish","type":"post","link":"https:\/\/www.actualidadadiario.com\/index.php\/2025\/03\/14\/en-agosto-se-realizara-la-feria-el-becario-te-muestra\/","title":{"rendered":"En agosto se realizar\u00e1 la Feria El Becario te Muestra"},"content":{"rendered":"<p style=\"text-align: center;\"><em><strong>El Instituto Becario anunci\u00f3 cu\u00e1ndo se desarrollar\u00e1 la 13\u00b0 edici\u00f3n del Becario te Muestra, la Feria de Carreras y Oficios impulsada por el gobierno de Entre R\u00edos. Ser\u00e1 el 5 y 6 de agosto, en el Centro Provincial de Convenciones, en Paran\u00e1. La propuesta incluir\u00e1 stands de las principales universidades e institutos terciarios<\/strong><\/em><\/p>\n<p>&nbsp;<\/p>\n<p>&nbsp;<\/p>\n<p>El director ejecutivo del ente aut\u00e1rquico, Mariano Berdi\u00f1as, adelant\u00f3 que &#8220;la edici\u00f3n N\u00b013 de nuestra Feria de Carreras y Oficios se realizar\u00e1 el 5 y 6 de agosto. Tomamos la decisi\u00f3n de adelantar la fecha para acercarnos a una etapa de toma de decisi\u00f3n de los estudiantes, por lo que resulta esencial mostrar toda la propuesta acad\u00e9mica de Entre R\u00edos y la regi\u00f3n&#8221;.<\/p>\n<p>Para Berdi\u00f1as, &#8220;la Feria se ha convertido en una verdadera vidriera para m\u00e1s de 40 casas de altos estudios, y tambi\u00e9n en una excelente oportunidad para las familias de buscar, interiorizarse y llegar a esa elecci\u00f3n por parte del estudiante&#8221;, dijo.<\/p>\n<p>&#8220;Con el gobernador Rogelio Frigerio compartimos el valor de trabajar mancomunadamente con las instituciones; y El Becario te Muestra pone a disposici\u00f3n de universidades, institutos terciarios y escuelas de oficio un espacio clave en la divulgaci\u00f3n de toda la oferta existente&#8221;.<\/p>\n<p>La edici\u00f3n 2025 se realizar\u00e1, nuevamente, en el Centro Provincial de Convenciones de Paran\u00e1; y como en los a\u00f1os anteriores incluir\u00e1 una serie de actividades complementarias a la muestra. En 2024 visitaron la feria m\u00e1s de 7400 personas, desde 54 localidades.<\/p>\n","protected":false},"excerpt":{"rendered":"<p>El Instituto Becario anunci\u00f3 cu\u00e1ndo se desarrollar\u00e1 la 13\u00b0 edici\u00f3n del Becario te Muestra, la Feria de Carreras y Oficios impulsada por el gobierno de Entre R\u00edos. Ser\u00e1 el 5 y 6 de agosto, en el Centro Provincial de Convenciones, en Paran\u00e1. La propuesta incluir\u00e1 stands de las principales universidades e institutos terciarios &nbsp; &nbsp; El director ejecutivo del ente aut\u00e1rquico, Mariano Berdi\u00f1as, adelant\u00f3 que &#8220;la edici\u00f3n N\u00b013 de nuestra Feria de Carreras y Oficios se realizar\u00e1 el 5 y 6 de agosto. Tomamos la decisi\u00f3n de adelantar la fecha&#8230;<\/p>\n","protected":false},"author":3,"featured_media":125986,"comment_status":"closed","ping_status":"closed","sticky":false,"template":"","format":"standard","meta":[],"categories":[15],"tags":[],"_links":{"self":[{"href":"https:\/\/www.actualidadadiario.com\/index.php\/wp-json\/wp\/v2\/posts\/125985"}],"collection":[{"href":"https:\/\/www.actualidadadiario.com\/index.php\/wp-json\/wp\/v2\/posts"}],"about":[{"href":"https:\/\/www.actualidadadiario.com\/index.php\/wp-json\/wp\/v2\/types\/post"}],"author":[{"embeddable":true,"href":"https:\/\/www.actualidadadiario.com\/index.php\/wp-json\/wp\/v2\/users\/3"}],"replies":[{"embeddable":true,"href":"https:\/\/www.actualidadadiario.com\/index.php\/wp-json\/wp\/v2\/comments?post=125985"}],"version-history":[{"count":1,"href":"https:\/\/www.actualidadadiario.com\/index.php\/wp-json\/wp\/v2\/posts\/125985\/revisions"}],"predecessor-version":[{"id":125987,"href":"https:\/\/www.actualidadadiario.com\/index.php\/wp-json\/wp\/v2\/posts\/125985\/revisions\/125987"}],"wp:featuredmedia":[{"embeddable":true,"href":"https:\/\/www.actualidadadiario.com\/index.php\/wp-json\/wp\/v2\/media\/125986"}],"wp:attachment":[{"href":"https:\/\/www.actualidadadiario.com\/index.php\/wp-json\/wp\/v2\/media?parent=125985"}],"wp:term":[{"taxonomy":"category","embeddable":true,"href":"https:\/\/www.actualidadadiario.com\/index.php\/wp-json\/wp\/v2\/categories?post=125985"},{"taxonomy":"post_tag","embeddable":true,"href":"https:\/\/www.actualidadadiario.com\/index.php\/wp-json\/wp\/v2\/tags?post=125985"}],"curies":[{"name":"wp","href":"https:\/\/api.w.org\/{rel}","templated":true}]}}