{"id":125983,"date":"2025-03-14T11:18:36","date_gmt":"2025-03-14T14:18:36","guid":{"rendered":"https:\/\/www.actualidadadiario.com\/?p=125983"},"modified":"2025-03-14T11:18:41","modified_gmt":"2025-03-14T14:18:41","slug":"agmer-adhiere-y-convoca-a-la-jornada-nacional-de-lucha-de-ctera-habra-acciones-en-diferentes-ciudades-2","status":"publish","type":"post","link":"https:\/\/www.actualidadadiario.com\/index.php\/2025\/03\/14\/agmer-adhiere-y-convoca-a-la-jornada-nacional-de-lucha-de-ctera-habra-acciones-en-diferentes-ciudades-2\/","title":{"rendered":"Agmer adhiere y convoca a la jornada nacional de lucha de Ctera: habr\u00e1 acciones en diferentes ciudades"},"content":{"rendered":"<p style=\"text-align: center;\"><em><strong>En el marco de la Jornada Nacional de Lucha dispuesta por Ctera, la Asociaci\u00f3n Gremial del Magisterio de Entre R\u00edos (Agmer) realizar\u00e1 este jueves 13 de marzo acciones departamentales, en defensa de la educaci\u00f3n p\u00fablica y los derechos de las y los docentes<\/strong><\/em><\/p>\n<p>&nbsp;<\/p>\n<p>&nbsp;<\/p>\n<p>De acuerdo a lo dispuesto en el \u00faltimo Congreso de Ctera, Agmer (entidad de base de la misma) participar\u00e1 de la Jornada Nacional de Lucha este jueves 13 de marzo, en defensa de la educaci\u00f3n p\u00fablica y los derechos de las y los trabajadores de la educaci\u00f3n.<\/p>\n<p>Durante esta jornada, se impulsar\u00e1n distintas acciones en la provincia y en el pa\u00eds exigiendo:<\/p>\n<p>* La urgente convocatoria a la paritaria nacional docente.<\/p>\n<p>* Ley de Financiamiento Educativo.<\/p>\n<p>* Restituci\u00f3n y actualizaci\u00f3n del FONID y Conectividad.<\/p>\n<p>* Piso Salarial acorde al contexto actual, para que ning\u00fan docente del pa\u00eds est\u00e9 debajo de la l\u00ednea de la pobreza.<\/p>\n<p>* Mayor Presupuesto Educativo Nacional para garantizar escuelas en condiciones dignas para ense\u00f1ar y aprender en todo el pa\u00eds.<\/p>\n<p>* Aumento de las Becas Progresar.<\/p>\n<p>* Aumento de partidas para refuerzo nutricional de almuerzo y copa de leche<\/p>\n<p>* En defensa del sistema previsional p\u00fablico, solidario y de reparto; y de las obras sociales sindicales y provinciales.<\/p>\n<p>* No a la criminalizaci\u00f3n de la protesta social.<\/p>\n<p>* Ratificar la decisi\u00f3n de la CTA T Nacional de avanzar en el marco de la m\u00e1s amplia unidad de todo el movimiento obrero, de las centrales sindicales y movimientos sociales, en la convocatoria a una Jornada Nacional de lucha con Paro Nacional y Marcha Federal.<\/p>\n<p>Agmer convoca a realizar distintas acciones departamentales incluyendo radio abierta, volanteadas y concentraciones.<\/p>\n","protected":false},"excerpt":{"rendered":"<p>En el marco de la Jornada Nacional de Lucha dispuesta por Ctera, la Asociaci\u00f3n Gremial del Magisterio de Entre R\u00edos (Agmer) realizar\u00e1 este jueves 13 de marzo acciones departamentales, en defensa de la educaci\u00f3n p\u00fablica y los derechos de las y los docentes &nbsp; &nbsp; De acuerdo a lo dispuesto en el \u00faltimo Congreso de Ctera, Agmer (entidad de base de la misma) participar\u00e1 de la Jornada Nacional de Lucha este jueves 13 de marzo, en defensa de la educaci\u00f3n p\u00fablica y los derechos de las y los trabajadores de&#8230;<\/p>\n","protected":false},"author":3,"featured_media":20295,"comment_status":"closed","ping_status":"closed","sticky":false,"template":"","format":"standard","meta":[],"categories":[15],"tags":[],"_links":{"self":[{"href":"https:\/\/www.actualidadadiario.com\/index.php\/wp-json\/wp\/v2\/posts\/125983"}],"collection":[{"href":"https:\/\/www.actualidadadiario.com\/index.php\/wp-json\/wp\/v2\/posts"}],"about":[{"href":"https:\/\/www.actualidadadiario.com\/index.php\/wp-json\/wp\/v2\/types\/post"}],"author":[{"embeddable":true,"href":"https:\/\/www.actualidadadiario.com\/index.php\/wp-json\/wp\/v2\/users\/3"}],"replies":[{"embeddable":true,"href":"https:\/\/www.actualidadadiario.com\/index.php\/wp-json\/wp\/v2\/comments?post=125983"}],"version-history":[{"count":1,"href":"https:\/\/www.actualidadadiario.com\/index.php\/wp-json\/wp\/v2\/posts\/125983\/revisions"}],"predecessor-version":[{"id":125984,"href":"https:\/\/www.actualidadadiario.com\/index.php\/wp-json\/wp\/v2\/posts\/125983\/revisions\/125984"}],"wp:featuredmedia":[{"embeddable":true,"href":"https:\/\/www.actualidadadiario.com\/index.php\/wp-json\/wp\/v2\/media\/20295"}],"wp:attachment":[{"href":"https:\/\/www.actualidadadiario.com\/index.php\/wp-json\/wp\/v2\/media?parent=125983"}],"wp:term":[{"taxonomy":"category","embeddable":true,"href":"https:\/\/www.actualidadadiario.com\/index.php\/wp-json\/wp\/v2\/categories?post=125983"},{"taxonomy":"post_tag","embeddable":true,"href":"https:\/\/www.actualidadadiario.com\/index.php\/wp-json\/wp\/v2\/tags?post=125983"}],"curies":[{"name":"wp","href":"https:\/\/api.w.org\/{rel}","templated":true}]}}