{"id":125975,"date":"2025-03-14T11:15:15","date_gmt":"2025-03-14T14:15:15","guid":{"rendered":"https:\/\/www.actualidadadiario.com\/?p=125975"},"modified":"2025-03-14T11:15:15","modified_gmt":"2025-03-14T14:15:15","slug":"presento-su-renuncia-uno-de-los-integrantes-de-la-comision-fiscalizadora-de-iosper","status":"publish","type":"post","link":"https:\/\/www.actualidadadiario.com\/index.php\/2025\/03\/14\/presento-su-renuncia-uno-de-los-integrantes-de-la-comision-fiscalizadora-de-iosper\/","title":{"rendered":"Present\u00f3 su renuncia uno de los integrantes de la Comisi\u00f3n Fiscalizadora de Iosper"},"content":{"rendered":"<p style=\"text-align: center;\"><em><strong>El m\u00e9dico Luis Beber, hist\u00f3rico militante radical que form\u00f3 parte del gabinete del Ministerio de Salud durante la gobernaci\u00f3n de Sergio Montiel, renunci\u00f3 este jueves a la Comisi\u00f3n Fiscalizadora del Instituto Obra Social de la Provincia de Entre R\u00edos (Iosper)<\/strong><\/em><\/p>\n<p>&nbsp;<\/p>\n<p>&nbsp;<\/p>\n<p>La Comisi\u00f3n Fiscalizadora, integrada por el contador Juan Carlos Paludi, el m\u00e9dico Luis \u00c1ngel Beber (fue funcionario en Salud durante la \u00faltima gesti\u00f3n de Sergio Montiel) y la abogada Daiana Mar\u00eda Fiorella Moretti, adquiri\u00f3 un rol clave en la actual administraci\u00f3n desde que el Poder Ejecutivo decidi\u00f3 intervenir la obra social, en diciembre \u00faltimo.<\/p>\n<p>Iosper est\u00e1 conducido ahora por un interventor, el abogado Mariano Gallegos. De acuerdo a lo que trascendi\u00f3, Beber hab\u00eda manifestado con antelaci\u00f3n su intenci\u00f3n de dimitir, aunque la gota que rebas\u00f3 el vaso fue una discusi\u00f3n que habr\u00eda mantenido con el gerente Econ\u00f3mico y Financiero de Iosper, Ra\u00fal S\u00e1nchez.<\/p>\n<p>El propio Beber admiti\u00f3 su renuncia, aunque se neg\u00f3 a dar detalles de por qu\u00e9 tom\u00f3 la decisi\u00f3n.<\/p>\n<p>Beber, un hist\u00f3rico dirigente radical, fue parte de la puja en 2023 para conducir la Uni\u00f3n C\u00edvica Radical. Entonces, como ladero del ahora ministro de Infraestructura y exintendente de Crespo, Dar\u00edo Schneider, disput\u00f3 la presidencia del Comit\u00e9 Capital, que finalmente qued\u00f3 en manos del exfiscal de Estado, Sergio Avero. Tampoco a Schneider le fue bien entonces: el comit\u00e9 provincia qued\u00f3 para Fuad Sosa.<\/p>\n","protected":false},"excerpt":{"rendered":"<p>El m\u00e9dico Luis Beber, hist\u00f3rico militante radical que form\u00f3 parte del gabinete del Ministerio de Salud durante la gobernaci\u00f3n de Sergio Montiel, renunci\u00f3 este jueves a la Comisi\u00f3n Fiscalizadora del Instituto Obra Social de la Provincia de Entre R\u00edos (Iosper) &nbsp; &nbsp; La Comisi\u00f3n Fiscalizadora, integrada por el contador Juan Carlos Paludi, el m\u00e9dico Luis \u00c1ngel Beber (fue funcionario en Salud durante la \u00faltima gesti\u00f3n de Sergio Montiel) y la abogada Daiana Mar\u00eda Fiorella Moretti, adquiri\u00f3 un rol clave en la actual administraci\u00f3n desde que el Poder Ejecutivo decidi\u00f3 intervenir&#8230;<\/p>\n","protected":false},"author":3,"featured_media":125976,"comment_status":"closed","ping_status":"closed","sticky":false,"template":"","format":"standard","meta":[],"categories":[15],"tags":[],"_links":{"self":[{"href":"https:\/\/www.actualidadadiario.com\/index.php\/wp-json\/wp\/v2\/posts\/125975"}],"collection":[{"href":"https:\/\/www.actualidadadiario.com\/index.php\/wp-json\/wp\/v2\/posts"}],"about":[{"href":"https:\/\/www.actualidadadiario.com\/index.php\/wp-json\/wp\/v2\/types\/post"}],"author":[{"embeddable":true,"href":"https:\/\/www.actualidadadiario.com\/index.php\/wp-json\/wp\/v2\/users\/3"}],"replies":[{"embeddable":true,"href":"https:\/\/www.actualidadadiario.com\/index.php\/wp-json\/wp\/v2\/comments?post=125975"}],"version-history":[{"count":1,"href":"https:\/\/www.actualidadadiario.com\/index.php\/wp-json\/wp\/v2\/posts\/125975\/revisions"}],"predecessor-version":[{"id":125977,"href":"https:\/\/www.actualidadadiario.com\/index.php\/wp-json\/wp\/v2\/posts\/125975\/revisions\/125977"}],"wp:featuredmedia":[{"embeddable":true,"href":"https:\/\/www.actualidadadiario.com\/index.php\/wp-json\/wp\/v2\/media\/125976"}],"wp:attachment":[{"href":"https:\/\/www.actualidadadiario.com\/index.php\/wp-json\/wp\/v2\/media?parent=125975"}],"wp:term":[{"taxonomy":"category","embeddable":true,"href":"https:\/\/www.actualidadadiario.com\/index.php\/wp-json\/wp\/v2\/categories?post=125975"},{"taxonomy":"post_tag","embeddable":true,"href":"https:\/\/www.actualidadadiario.com\/index.php\/wp-json\/wp\/v2\/tags?post=125975"}],"curies":[{"name":"wp","href":"https:\/\/api.w.org\/{rel}","templated":true}]}}