{"id":125965,"date":"2025-03-13T15:25:14","date_gmt":"2025-03-13T18:25:14","guid":{"rendered":"https:\/\/www.actualidadadiario.com\/?p=125965"},"modified":"2025-03-13T15:25:14","modified_gmt":"2025-03-13T18:25:14","slug":"a-12-anos-de-la-asuncion-del-papa-francisco-un-lider-inclusivo","status":"publish","type":"post","link":"https:\/\/www.actualidadadiario.com\/index.php\/2025\/03\/13\/a-12-anos-de-la-asuncion-del-papa-francisco-un-lider-inclusivo\/","title":{"rendered":"A 12 a\u00f1os de la asunci\u00f3n del Papa Francisco: un l\u00edder inclusivo"},"content":{"rendered":"<p style=\"text-align: center;\"><em><strong>Representaci\u00f3n, modernizaci\u00f3n y misericordia: el Papa Francisco fue desde Argentina hasta lo m\u00e1s alto de la Iglesia Cat\u00f3lica<\/strong><\/em><\/p>\n<p>&nbsp;<\/p>\n<p>&nbsp;<\/p>\n<p>La fumata blanca que desde el Vaticano pint\u00f3 el cielo de ese 13 de marzo de 2013 tra\u00eda una noticia especial: \u201cHabemus papam\u201d. Tras la renuncia de Benedicto XVI y en el segundo d\u00eda del c\u00f3nclave, una figura saludaba a la multitud en el balc\u00f3n, y desde ese d\u00eda nada volver\u00eda a ser igual. El cardenal argentino Jorge Bergoglio se convertir\u00eda en el aclamado Papa Francisco, el primer Sumo Pont\u00edfice argentino y latinoamericano.<\/p>\n<p>&#8220;Queridos hermanos y hermanas. Buenas noches. Ustedes saben que el deber del c\u00f3nclave es elegir al obispo de Roma y parece que mis queridos hermanos cardenales han ido a buscarlo casi al fin del mundo. Pero estamos aqu\u00ed. Les doy las gracias por la acogida y doy las gracias a la ciudad de Roma como su obispo&#8221;, fueron las primeras palabras del nuevo Papa desde el balc\u00f3n de la bas\u00edlica de San Pedro del Vaticano.<\/p>\n<p>El Sumo Pont\u00edfice de los 1.200 millones de cat\u00f3licos en todo el mundo sali\u00f3 al balc\u00f3n vistiendo una sotana blanca despojada de ornamentos, con una cruz de obispo (no de oro de los cardenales) en el pecho y salud\u00f3 a la multitud que aguardaba en la plaza San Pedro. Aprovech\u00f3 aquel momento para pedir una oraci\u00f3n por Benedicto XVI y rezar el Padre Nuestro y el Ave Mar\u00eda.<\/p>\n<p>En una breve intervenci\u00f3n, el pont\u00edfice dijo que en aquel momento comenzaba &#8220;un camino&#8221; para el que \u00e9l pidi\u00f3 que recen &#8220;unos por otros para que haya una gran fraternidad&#8221;. &#8220;Espero que este camino de la Iglesia que hoy comenzamos sea de evangelizaci\u00f3n&#8221;, dijo y rog\u00f3 que rezaran por \u00e9l para que Dios lo ayude en su labor.<\/p>\n<p>As\u00ed, comenz\u00f3 efectivamente una era de modernizaci\u00f3n de la Iglesia, comandado por un ferviente defensor de una Iglesia inclusiva, donde todos pudieron encontrar un hogar m\u00e1s all\u00e1 de sus diferencias. En cada palabra, gesto y decisi\u00f3n, el Papa Francisco encontr\u00f3 la forma de abrazar a los m\u00e1s vulnerables y reforz\u00f3 su compromiso con la construcci\u00f3n de una comunidad que contenga y d\u00e9 esperanza.<\/p>\n<p>&nbsp;<\/p>\n<p><strong>Un papa latinoamericano\u2026 \u00a1Y argentino!<\/strong><\/p>\n<p>La noticia sobre la elecci\u00f3n de Bergoglio como el nuevo Papa, el primero que no proviene del continente europeo desde el siglo VIII, fue recibida con sorpresa y alegr\u00eda, principalmente en Latinoam\u00e9rica, donde vive el 46 por ciento de los 1.200 millones de cat\u00f3licos del mundo.<\/p>\n<p>La decisi\u00f3n del c\u00f3nclave fue saludada por los mandatarios de las Am\u00e9ricas, incluida, por supuesto, la entonces presidenta de la Naci\u00f3n, Cristina Fern\u00e1ndez de Kirchner, quien le envi\u00f3 una carta de salutaci\u00f3n.<\/p>\n<p>La mandataria asever\u00f3 en aquel momento que era \u201dun d\u00eda hist\u00f3rico, por primera vez en la historia de los 2.000 a\u00f1os de la Iglesia va a haber un Papa que pertenece a Latinoam\u00e9rica\u201d. \u201cY le deseamos de coraz\u00f3n a Francisco que pueda lograr mayor grado de confraternidad entre los pueblos, entre las religiones\u201d, se\u00f1al\u00f3.<\/p>\n<p>En el pa\u00eds, el pueblo festej\u00f3 la llegada de un representante argentino a la m\u00e1xima autoridad de la Iglesia Cat\u00f3lica. Jorge Bergoglio ya era conocido por sus gestos de humildad, por la renuncia a los lujos de la vida cardenal pero, por sobre todo, por su enorme compromiso por incluir a todos los fieles en su enorme Iglesia. Como buen argentino, mostr\u00f3 encendida la pasi\u00f3n por el f\u00fatbol y hasta supo bailar el tango en su juventud. El club de sus amores es San Lorenzo de Almagro y entre sus escritores preferidos se destaca Jorge Luis Borges.<\/p>\n<p>Un gran referente como lo fue Diego Armando Maradona, tambi\u00e9n se hab\u00eda pronunciado en aquel momento: &#8220;El dios del f\u00fatbol, es argentino. Ahora tambi\u00e9n el Papa es argentino, una cosa que hace sentir feliz a todo mi pa\u00eds&#8221;.<\/p>\n<p>&nbsp;<\/p>\n<p><strong>La elecci\u00f3n del nombre<\/strong><\/p>\n<p>Francisco, el nombre que eligi\u00f3 el Papa para su pontificado, es un santo italiano muy querido que se identifica con la paz, la pobreza y un estilo de vida sencillo.<\/p>\n<p>El cardenal argentino Jorge Mario Bergoglio fue el primer Pont\u00edfice surgido de Latinoam\u00e9rica y el primero tambi\u00e9n en adoptar el nombre de Francisco, el joven acaudalado de As\u00eds que renunci\u00f3 a las riquezas y fund\u00f3 la orden de frailes franciscanos en 1209.<\/p>\n<p>La elecci\u00f3n del nombre fue una clara se\u00f1al de las prioridades del Papa para empe\u00f1arse en llevar una sensaci\u00f3n de serenidad a la atribulada Iglesia cat\u00f3lica. En su mandato, el Papa Francisco ha impulsado la paz, la fraternidad, la inclusi\u00f3n y la diversidad.<\/p>\n<p>Su modo de vida era claramente sencillo. Hizo casi todo su apostolado en el Episcopado porte\u00f1o y habit\u00f3 solo, todos estos a\u00f1os, un departamento sencillo en el segundo piso del edificio de la Curia, al lado de la catedral. \u00c9l mismo se preparaba la comida.<\/p>\n<p>Haber elegido el nombre de uno de los santos patronos de Italia tambi\u00e9n vincul\u00f3 al Papa con ese pa\u00eds, cuna de todos los Papas en los \u00faltimos siglos hasta 1978.<\/p>\n","protected":false},"excerpt":{"rendered":"<p>Representaci\u00f3n, modernizaci\u00f3n y misericordia: el Papa Francisco fue desde Argentina hasta lo m\u00e1s alto de la Iglesia Cat\u00f3lica &nbsp; &nbsp; La fumata blanca que desde el Vaticano pint\u00f3 el cielo de ese 13 de marzo de 2013 tra\u00eda una noticia especial: \u201cHabemus papam\u201d. Tras la renuncia de Benedicto XVI y en el segundo d\u00eda del c\u00f3nclave, una figura saludaba a la multitud en el balc\u00f3n, y desde ese d\u00eda nada volver\u00eda a ser igual. El cardenal argentino Jorge Bergoglio se convertir\u00eda en el aclamado Papa Francisco, el primer Sumo Pont\u00edfice&#8230;<\/p>\n","protected":false},"author":3,"featured_media":96989,"comment_status":"closed","ping_status":"closed","sticky":false,"template":"","format":"standard","meta":[],"categories":[4],"tags":[],"_links":{"self":[{"href":"https:\/\/www.actualidadadiario.com\/index.php\/wp-json\/wp\/v2\/posts\/125965"}],"collection":[{"href":"https:\/\/www.actualidadadiario.com\/index.php\/wp-json\/wp\/v2\/posts"}],"about":[{"href":"https:\/\/www.actualidadadiario.com\/index.php\/wp-json\/wp\/v2\/types\/post"}],"author":[{"embeddable":true,"href":"https:\/\/www.actualidadadiario.com\/index.php\/wp-json\/wp\/v2\/users\/3"}],"replies":[{"embeddable":true,"href":"https:\/\/www.actualidadadiario.com\/index.php\/wp-json\/wp\/v2\/comments?post=125965"}],"version-history":[{"count":1,"href":"https:\/\/www.actualidadadiario.com\/index.php\/wp-json\/wp\/v2\/posts\/125965\/revisions"}],"predecessor-version":[{"id":125966,"href":"https:\/\/www.actualidadadiario.com\/index.php\/wp-json\/wp\/v2\/posts\/125965\/revisions\/125966"}],"wp:featuredmedia":[{"embeddable":true,"href":"https:\/\/www.actualidadadiario.com\/index.php\/wp-json\/wp\/v2\/media\/96989"}],"wp:attachment":[{"href":"https:\/\/www.actualidadadiario.com\/index.php\/wp-json\/wp\/v2\/media?parent=125965"}],"wp:term":[{"taxonomy":"category","embeddable":true,"href":"https:\/\/www.actualidadadiario.com\/index.php\/wp-json\/wp\/v2\/categories?post=125965"},{"taxonomy":"post_tag","embeddable":true,"href":"https:\/\/www.actualidadadiario.com\/index.php\/wp-json\/wp\/v2\/tags?post=125965"}],"curies":[{"name":"wp","href":"https:\/\/api.w.org\/{rel}","templated":true}]}}