{"id":125957,"date":"2025-03-13T15:22:05","date_gmt":"2025-03-13T18:22:05","guid":{"rendered":"https:\/\/www.actualidadadiario.com\/?p=125957"},"modified":"2025-03-13T15:22:05","modified_gmt":"2025-03-13T18:22:05","slug":"una-protesta-propalestina-en-nueva-york-termino-con-una-docena-de-detenidos","status":"publish","type":"post","link":"https:\/\/www.actualidadadiario.com\/index.php\/2025\/03\/13\/una-protesta-propalestina-en-nueva-york-termino-con-una-docena-de-detenidos\/","title":{"rendered":"Una protesta propalestina en Nueva York termin\u00f3 con una docena de detenidos"},"content":{"rendered":"<p style=\"text-align: center;\"><em><strong>Con base en campus universitarios tambi\u00e9n reclamaron en defensa de los inmigrantes<\/strong><\/em><\/p>\n<p>&nbsp;<\/p>\n<p>&nbsp;<\/p>\n<p>Una protesta contra las pol\u00edticas de la administraci\u00f3n de Donald Trump en Medio Oriente, termin\u00f3 con una docena de detenidos en Nueva York.<\/p>\n<p>Cientos de manifestantes se convocaron en una manifestaci\u00f3n y marcha, que tuvo como puntos de partida algunos campus universitarios.<\/p>\n<p>Protestaron luego por las calles y marcharon desde Washington Park hasta el Ayuntamiento en el Bajo Manhattan, tambi\u00e9n en defensa de los inmigrantes.<\/p>\n<p>Se produjeron algunos incidentes y la Polic\u00eda produjo a las detenciones.<\/p>\n<p>La protesta incluy\u00f3 tambi\u00e9n el reclamo por la detenci\u00f3n de Mahmoud Khalil, un graduado de la universidad de Columbia que fue arrestado en su departamento por agentes de Federales de las fuerzas de inmigraci\u00f3n y aduana, por su liderazgo en las pasadas protestas propalestinas en universidades.<\/p>\n","protected":false},"excerpt":{"rendered":"<p>Con base en campus universitarios tambi\u00e9n reclamaron en defensa de los inmigrantes &nbsp; &nbsp; Una protesta contra las pol\u00edticas de la administraci\u00f3n de Donald Trump en Medio Oriente, termin\u00f3 con una docena de detenidos en Nueva York. Cientos de manifestantes se convocaron en una manifestaci\u00f3n y marcha, que tuvo como puntos de partida algunos campus universitarios. Protestaron luego por las calles y marcharon desde Washington Park hasta el Ayuntamiento en el Bajo Manhattan, tambi\u00e9n en defensa de los inmigrantes. Se produjeron algunos incidentes y la Polic\u00eda produjo a las detenciones&#8230;.<\/p>\n","protected":false},"author":3,"featured_media":125958,"comment_status":"closed","ping_status":"closed","sticky":false,"template":"","format":"standard","meta":[],"categories":[4],"tags":[],"_links":{"self":[{"href":"https:\/\/www.actualidadadiario.com\/index.php\/wp-json\/wp\/v2\/posts\/125957"}],"collection":[{"href":"https:\/\/www.actualidadadiario.com\/index.php\/wp-json\/wp\/v2\/posts"}],"about":[{"href":"https:\/\/www.actualidadadiario.com\/index.php\/wp-json\/wp\/v2\/types\/post"}],"author":[{"embeddable":true,"href":"https:\/\/www.actualidadadiario.com\/index.php\/wp-json\/wp\/v2\/users\/3"}],"replies":[{"embeddable":true,"href":"https:\/\/www.actualidadadiario.com\/index.php\/wp-json\/wp\/v2\/comments?post=125957"}],"version-history":[{"count":1,"href":"https:\/\/www.actualidadadiario.com\/index.php\/wp-json\/wp\/v2\/posts\/125957\/revisions"}],"predecessor-version":[{"id":125959,"href":"https:\/\/www.actualidadadiario.com\/index.php\/wp-json\/wp\/v2\/posts\/125957\/revisions\/125959"}],"wp:featuredmedia":[{"embeddable":true,"href":"https:\/\/www.actualidadadiario.com\/index.php\/wp-json\/wp\/v2\/media\/125958"}],"wp:attachment":[{"href":"https:\/\/www.actualidadadiario.com\/index.php\/wp-json\/wp\/v2\/media?parent=125957"}],"wp:term":[{"taxonomy":"category","embeddable":true,"href":"https:\/\/www.actualidadadiario.com\/index.php\/wp-json\/wp\/v2\/categories?post=125957"},{"taxonomy":"post_tag","embeddable":true,"href":"https:\/\/www.actualidadadiario.com\/index.php\/wp-json\/wp\/v2\/tags?post=125957"}],"curies":[{"name":"wp","href":"https:\/\/api.w.org\/{rel}","templated":true}]}}