{"id":125951,"date":"2025-03-13T14:46:21","date_gmt":"2025-03-13T17:46:21","guid":{"rendered":"https:\/\/www.actualidadadiario.com\/?p=125951"},"modified":"2025-03-13T14:46:21","modified_gmt":"2025-03-13T17:46:21","slug":"durisima-pelea-entre-radicales","status":"publish","type":"post","link":"https:\/\/www.actualidadadiario.com\/index.php\/2025\/03\/13\/durisima-pelea-entre-radicales\/","title":{"rendered":"Dur\u00edsima pelea entre radicales"},"content":{"rendered":"<p style=\"text-align: center;\"><em><strong>El cruce entre ambos se dio durante la reuni\u00f3n de la Comisi\u00f3n de Acuerdos del Senado, en la que se habilit\u00f3 el dictamen del pliego de Garc\u00eda-Mansilla<\/strong><\/em><\/p>\n<p>&nbsp;<\/p>\n<p>&nbsp;<\/p>\n<p>Sin gritos y ni por cerca con escenas como se vieron en la C\u00e1mara de Diputados, pero s\u00ed en un tono muy duro, los senadores radicales Mart\u00edn Lousteau y Maximiliano Abad protagonizaron este jueves una dur\u00edsima pelea durante la reuni\u00f3n de la Comisi\u00f3n de Acuerdos, en la que se habilit\u00f3 el dictamen del pliego de Manuel Garc\u00eda-Mansilla.<\/p>\n<p>Por mayor\u00eda, el bloque radical apost\u00f3 horas antes ponerse del lado del oficialismo y no avalar la reuni\u00f3n convocada para debatir sobre la situaci\u00f3n del juez de la Corte, que asumi\u00f3 luego de ser designado por decreto, situaci\u00f3n a la que se opone f\u00e9rreamente Lousteau, quien encabeza el sector de la UCR m\u00e1s cr\u00edtico al gobierno de Javier Milei y adem\u00e1s es presidente del Comit\u00e9 Nacional.<\/p>\n<p>Abad lleg\u00f3 a la reuni\u00f3n luego que ya se hab\u00eda conseguido el qu\u00f3rum, lo que le enrostr\u00f3 Lousteau, mientras que la santafesina Carolina Losada y la mendocina Mariana Juri directamente no asistieron.<\/p>\n<p>En su discurso, el porte\u00f1o cuestion\u00f3 a comunicadores \u201cque dicen \u2018el que ahora se sienta y hace esto, est\u00e1 con el kirchnerismo\u2019. Qu\u00e9 argumento pueril, qu\u00e9 argumento infantil. No miran si la Corte tiene que funcionar bien o mal, no miran si esto es constitucional o inconstitucional, no miran si esto socava la Rep\u00fablica\u201d.<\/p>\n<p>Luego de mencionar que se hab\u00eda \u201cpeleado mucho\u201d con el kirchnerismo por, entre otras cosas, ser \u201ccausante del aumento de la inflaci\u00f3n\u201d, tambi\u00e9n tir\u00f3 dardos para el Pro. \u201cLa responsabilidad de que hoy estemos debatiendo jueces nombrados en comisi\u00f3n es de Mauricio Macri, que fue el que habilit\u00f3 algo que no se usaba desde 1910\u2033, dijo.<\/p>\n<p>Y, poco despu\u00e9s, lanz\u00f3: \u201cYo soy calent\u00f3n, pero no soy hip\u00f3crita y tambi\u00e9n lo voy a decir. Me da verg\u00fcenza que hoy mis compa\u00f1eros de bloque vinieron ac\u00e1 cuando ya hab\u00eda qu\u00f3rum y no me lo voy a callar. Estuvieron especulando con que esta sesi\u00f3n, que es lo que corresponde para defender la Constituci\u00f3n y la Corte Suprema, no se hiciera\u201c.<\/p>\n<p>Frente a la mirada de Abad y el fueguino Pablo Blanco, Lousteau sigui\u00f3: \u201cRadicales, y lo digo como presidente del radicalismo, que se llenan la boca hablando de (Hip\u00f3lito) Yrigoyen, que dec\u00eda \u2018nuestro programa es la Constituci\u00f3n\u2019. Y ahora con cualquier excusa, t\u00e1ctica, conveniencia de corto plazo, especulaci\u00f3n electoral, cuando hay que defender la Constituci\u00f3n vemos especulaci\u00f3n\u201c.<\/p>\n<p>\u201cYo voy a defender siempre estas cosas, no importa qui\u00e9n est\u00e9 haciendo la violaci\u00f3n a nuestras normas\u201d, asegur\u00f3 y agreg\u00f3 que tambi\u00e9n le daba \u201cverg\u00fcenza que haya radicales que digan que ayer no pas\u00f3 nada\u201d, en referencia a la represi\u00f3n en la marcha de jubilados.<\/p>\n<p>En ese sentido, el legislador resalt\u00f3 que \u201chay un fot\u00f3grafo que est\u00e1 peleando por su vida, hay una se\u00f1ora de 87 a\u00f1os que fue tirada al piso y lastimada, se ven im\u00e1genes de patrulleros abandonados para que fueran quemados, se ven miembros de las fuerzas bajando de autos particulares, y hay una filmaci\u00f3n de un polic\u00eda que tira un arma en la calle\u201d.<\/p>\n<p>Entonces, el senador se\u00f1al\u00f3 que \u201ctodo empez\u00f3\u201d porque \u201cac\u00e1 hubo algunos que defendieron un veto para los jubilados por un aumento que equival\u00eda para tres kilos de carne\u201d. \u201c\u00bfQu\u00e9 da\u00f1o hacen los jubilados? Est\u00e1n tratando de ver c\u00f3mo sobreviven\u201d, agreg\u00f3.<\/p>\n<p>Mientras Lousteau hablaba, Abad hab\u00eda levantado la mano para responder y cuando su turno lleg\u00f3 expres\u00f3: \u201cMe llaman la atenci\u00f3n las palabras del senador Lousteau. Yo formo parte de un bloque pol\u00edtico, no somos una individualidad\u201d. Tras reconocer que al interior de la bancada hay \u201cposiciones encontradas\u201d, \u00e9l afirm\u00f3 que hab\u00eda decidido no pronunciarse \u201chasta tanto y en cuanto agotemos todas las instancias\u201d, lo que inclu\u00eda una convocatoria al Comit\u00e9 Nacional por el tema.<\/p>\n<p>\u201cA m\u00ed me llama la atenci\u00f3n que los que acusan a otros de hip\u00f3critas son los que critican al kirchnerismo habiendo siendo ministros del kirchnerismo; son los que acusan al macrismo habiendo sido embajador en Estados Unidos del macrismo\u201d, dispar\u00f3 y continu\u00f3: \u201cYo no soy hip\u00f3crita, trato de decir lo que pienso, actuar en consecuencia y el tiempo dir\u00e1\u201d.<\/p>\n<p>El bonaerense asegur\u00f3 que ten\u00eda \u201crespeto intelectual\u201d por el presidente de su partido, al que calific\u00f3 como \u201cuna persona s\u00f3lida que tiene convicciones\u201d, pero rechaz\u00f3 que \u201cacuse innecesariamente a senadores de su partido; creo que es una actitud de una bajeza fuera de lo com\u00fan en la pol\u00edtica\u201c.<\/p>\n<p>\u201cTengo respeto por los dirigentes pol\u00edticos que est\u00e1n comprometidos con lo que piensan, y por sobre todas las cosas tengo respeto pol\u00edtico por aquellos dirigentes pol\u00edticos que forman parte de colectivos, no de individualidades, y que no se miran todo el tiempo el ombligo, y que creen que son m\u00e1s dirigentes pol\u00edticos porque denostan al resto\u201d, lanz\u00f3.<\/p>\n<p>En el cierre, Abad sostuvo que \u201cde ninguna manera van a encontrar a este senador llevar adelante declaraciones de bajeza acusando ni a un senador de otra fuerza pol\u00edtica, ni a un senador de su propio espacio pol\u00edtico, como ac\u00e1 acus\u00f3 el senador Lousteau\u201d.<\/p>\n<p>Con la tensi\u00f3n en el aire, Blanco tom\u00f3 el micr\u00f3fono para aclarar que no era integrante de la comisi\u00f3n ni estaba como reemplazante de nadie. \u201cVine a acompa\u00f1ar a mis dos correligionarios; lamentablemente a participar en un cambio de opiniones que no nos hace bien a la Uni\u00f3n C\u00edvica Radical\u201d, dijo.<\/p>\n","protected":false},"excerpt":{"rendered":"<p>El cruce entre ambos se dio durante la reuni\u00f3n de la Comisi\u00f3n de Acuerdos del Senado, en la que se habilit\u00f3 el dictamen del pliego de Garc\u00eda-Mansilla &nbsp; &nbsp; Sin gritos y ni por cerca con escenas como se vieron en la C\u00e1mara de Diputados, pero s\u00ed en un tono muy duro, los senadores radicales Mart\u00edn Lousteau y Maximiliano Abad protagonizaron este jueves una dur\u00edsima pelea durante la reuni\u00f3n de la Comisi\u00f3n de Acuerdos, en la que se habilit\u00f3 el dictamen del pliego de Manuel Garc\u00eda-Mansilla. Por mayor\u00eda, el bloque&#8230;<\/p>\n","protected":false},"author":3,"featured_media":125952,"comment_status":"closed","ping_status":"closed","sticky":false,"template":"","format":"standard","meta":[],"categories":[18],"tags":[],"_links":{"self":[{"href":"https:\/\/www.actualidadadiario.com\/index.php\/wp-json\/wp\/v2\/posts\/125951"}],"collection":[{"href":"https:\/\/www.actualidadadiario.com\/index.php\/wp-json\/wp\/v2\/posts"}],"about":[{"href":"https:\/\/www.actualidadadiario.com\/index.php\/wp-json\/wp\/v2\/types\/post"}],"author":[{"embeddable":true,"href":"https:\/\/www.actualidadadiario.com\/index.php\/wp-json\/wp\/v2\/users\/3"}],"replies":[{"embeddable":true,"href":"https:\/\/www.actualidadadiario.com\/index.php\/wp-json\/wp\/v2\/comments?post=125951"}],"version-history":[{"count":1,"href":"https:\/\/www.actualidadadiario.com\/index.php\/wp-json\/wp\/v2\/posts\/125951\/revisions"}],"predecessor-version":[{"id":125953,"href":"https:\/\/www.actualidadadiario.com\/index.php\/wp-json\/wp\/v2\/posts\/125951\/revisions\/125953"}],"wp:featuredmedia":[{"embeddable":true,"href":"https:\/\/www.actualidadadiario.com\/index.php\/wp-json\/wp\/v2\/media\/125952"}],"wp:attachment":[{"href":"https:\/\/www.actualidadadiario.com\/index.php\/wp-json\/wp\/v2\/media?parent=125951"}],"wp:term":[{"taxonomy":"category","embeddable":true,"href":"https:\/\/www.actualidadadiario.com\/index.php\/wp-json\/wp\/v2\/categories?post=125951"},{"taxonomy":"post_tag","embeddable":true,"href":"https:\/\/www.actualidadadiario.com\/index.php\/wp-json\/wp\/v2\/tags?post=125951"}],"curies":[{"name":"wp","href":"https:\/\/api.w.org\/{rel}","templated":true}]}}