{"id":125949,"date":"2025-03-13T14:45:01","date_gmt":"2025-03-13T17:45:01","guid":{"rendered":"https:\/\/www.actualidadadiario.com\/?p=125949"},"modified":"2025-03-13T14:45:01","modified_gmt":"2025-03-13T17:45:01","slug":"validan-las-firmas-para-rechazar-el-pliego-de-manuel-garcia-mansilla-como-juez-de-la-corte","status":"publish","type":"post","link":"https:\/\/www.actualidadadiario.com\/index.php\/2025\/03\/13\/validan-las-firmas-para-rechazar-el-pliego-de-manuel-garcia-mansilla-como-juez-de-la-corte\/","title":{"rendered":"Validan las firmas para rechazar el pliego de Manuel Garc\u00eda Mansilla como juez de la Corte"},"content":{"rendered":"<p style=\"text-align: center;\"><em><strong>El Senado define el futuro de Manuel Garc\u00eda Mansilla al frente de la Corte Suprema de Justicia, que fue nombrado por Javier Milei a trav\u00e9s de un decreto<\/strong><\/em><\/p>\n<p>&nbsp;<\/p>\n<p>&nbsp;<\/p>\n<p>La Comisi\u00f3n de Acuerdos del Senado se reuni\u00f3 para definir el rechazo de Manuel Garc\u00eda Mansilla, el juez de la Corte Suprema que fue designado por el presidente Javier Milei a trav\u00e9s de un decreto. A pesar de que el Gobierno neg\u00f3 que est\u00e9n todas las firmas necesarias para acelerar la negativa, la UCR pondr\u00eda las lapiceras faltantes.<\/p>\n<p>Entre el peronismo, la legisladora del PRO alineada con Larreta, Guadalupe Tagliaferri, y el radical Mart\u00edn Lousteau, el rechazo junt\u00f3 ocho suscripciones de las nueve necesarias para formalizar el pedido de baja de Mansilla. Los ojos estaban puestos en el resto del radicalismo: Maximiliano Abad, Mariana Juri y Carolina Losada.<\/p>\n<p>El rechazo a la asunci\u00f3n implica un duro golpe para el Gobierno, que insisti\u00f3 con la designaci\u00f3n de Mansilla para ocupar uno de los puestos vacantes en la Corte.<\/p>\n","protected":false},"excerpt":{"rendered":"<p>El Senado define el futuro de Manuel Garc\u00eda Mansilla al frente de la Corte Suprema de Justicia, que fue nombrado por Javier Milei a trav\u00e9s de un decreto &nbsp; &nbsp; La Comisi\u00f3n de Acuerdos del Senado se reuni\u00f3 para definir el rechazo de Manuel Garc\u00eda Mansilla, el juez de la Corte Suprema que fue designado por el presidente Javier Milei a trav\u00e9s de un decreto. A pesar de que el Gobierno neg\u00f3 que est\u00e9n todas las firmas necesarias para acelerar la negativa, la UCR pondr\u00eda las lapiceras faltantes. Entre el&#8230;<\/p>\n","protected":false},"author":3,"featured_media":125829,"comment_status":"closed","ping_status":"closed","sticky":false,"template":"","format":"standard","meta":[],"categories":[18],"tags":[],"_links":{"self":[{"href":"https:\/\/www.actualidadadiario.com\/index.php\/wp-json\/wp\/v2\/posts\/125949"}],"collection":[{"href":"https:\/\/www.actualidadadiario.com\/index.php\/wp-json\/wp\/v2\/posts"}],"about":[{"href":"https:\/\/www.actualidadadiario.com\/index.php\/wp-json\/wp\/v2\/types\/post"}],"author":[{"embeddable":true,"href":"https:\/\/www.actualidadadiario.com\/index.php\/wp-json\/wp\/v2\/users\/3"}],"replies":[{"embeddable":true,"href":"https:\/\/www.actualidadadiario.com\/index.php\/wp-json\/wp\/v2\/comments?post=125949"}],"version-history":[{"count":1,"href":"https:\/\/www.actualidadadiario.com\/index.php\/wp-json\/wp\/v2\/posts\/125949\/revisions"}],"predecessor-version":[{"id":125950,"href":"https:\/\/www.actualidadadiario.com\/index.php\/wp-json\/wp\/v2\/posts\/125949\/revisions\/125950"}],"wp:featuredmedia":[{"embeddable":true,"href":"https:\/\/www.actualidadadiario.com\/index.php\/wp-json\/wp\/v2\/media\/125829"}],"wp:attachment":[{"href":"https:\/\/www.actualidadadiario.com\/index.php\/wp-json\/wp\/v2\/media?parent=125949"}],"wp:term":[{"taxonomy":"category","embeddable":true,"href":"https:\/\/www.actualidadadiario.com\/index.php\/wp-json\/wp\/v2\/categories?post=125949"},{"taxonomy":"post_tag","embeddable":true,"href":"https:\/\/www.actualidadadiario.com\/index.php\/wp-json\/wp\/v2\/tags?post=125949"}],"curies":[{"name":"wp","href":"https:\/\/api.w.org\/{rel}","templated":true}]}}