{"id":125946,"date":"2025-03-13T13:37:12","date_gmt":"2025-03-13T16:37:12","guid":{"rendered":"https:\/\/www.actualidadadiario.com\/?p=125946"},"modified":"2025-03-13T13:37:12","modified_gmt":"2025-03-13T16:37:12","slug":"francos-minimizo-el-ataque-al-fotografo-fue-un-accidente-no-previsto","status":"publish","type":"post","link":"https:\/\/www.actualidadadiario.com\/index.php\/2025\/03\/13\/francos-minimizo-el-ataque-al-fotografo-fue-un-accidente-no-previsto\/","title":{"rendered":"Francos minimiz\u00f3 el ataque al fot\u00f3grafo: &#8220;fue un accidente no previsto&#8221;"},"content":{"rendered":"<p style=\"text-align: center;\"><em><strong>El jefe de Gabinete defendi\u00f3 el accionar de la polic\u00eda de Bullrich que le dispar\u00f3 en la cabeza a Pablo Grillo<\/strong><\/em><\/p>\n<p>&nbsp;<\/p>\n<p>&nbsp;<\/p>\n<p>Guillermo Francos minimiz\u00f3 el brutal ataque de la polic\u00eda de Patricia Bullrich contra el fot\u00f3grafo Pablo Grillo, que lucha por su vida en el hospital Ramos Mej\u00eda, y lo calific\u00f3 como &#8220;un accidente no previsto&#8221;.<\/p>\n<p>&#8220;Son las lamentables consecuencias de un episodio violento como el que gener\u00f3 esta gente ayer&#8221;, se despeg\u00f3 el jefe de Gabinete. &#8220;Son consecuencias desgraciadas de estos episodios&#8221;, insisti\u00f3.<\/p>\n<p>El funcionario todav\u00eda no &#8220;conoce los detalles&#8221; sobre el momento del ataque contra Pablo Grillo, pese a que hay filmaciones sobre el momento en que un cartucho de gas lacrim\u00f3geno le da en la cabeza.<\/p>\n<p>&#8220;Es un hecho muy lamentable, no puedo m\u00e1s que efectuar este comentario&#8221;, afirm\u00f3 Francos en una entrevista en radio Mitre, donde tambi\u00e9n reiter\u00f3 que creen que hubo un intento de &#8220;golpe de Estado&#8221;.<\/p>\n<p>&#8220;Por supuesto trataremos de esclarecer el hecho. Es cierto que este tipo de episodios generan estas consecuencias, estos accidentes no previstos&#8221;, reiter\u00f3 el funcionario.<\/p>\n<p>&#8220;La Polic\u00eda no le tira a una persona un gas, tira para que caiga y genere la salida de los revoltosos para desconcentrarlos. A veces puede pasar que una situaci\u00f3n de esta genere un accidente lamentable&#8221;, explic\u00f3 Francos, aunque el video muestra claramente que el cartucho fue disparado hacia abajo y no hacia arriba como indica el protocolo. Disparado hacia abajo o en paralelo al suelo, el cartucho de gas lacrim\u00f3geno puede ser letal.<\/p>\n<p>De todos modos, Francos adelant\u00f3 que seguir\u00e1n reprimiendo las manifestaciones. &#8220;Lo que no van a conseguir es alterar el orden p\u00fablico que hemos restituido con mucho esfuerzo. Cuando se hagan este tipo de manifestaciones, van a ser reprimidas de la manera que corresponde&#8221;, complet\u00f3.<\/p>\n","protected":false},"excerpt":{"rendered":"<p>El jefe de Gabinete defendi\u00f3 el accionar de la polic\u00eda de Bullrich que le dispar\u00f3 en la cabeza a Pablo Grillo &nbsp; &nbsp; Guillermo Francos minimiz\u00f3 el brutal ataque de la polic\u00eda de Patricia Bullrich contra el fot\u00f3grafo Pablo Grillo, que lucha por su vida en el hospital Ramos Mej\u00eda, y lo calific\u00f3 como &#8220;un accidente no previsto&#8221;. &#8220;Son las lamentables consecuencias de un episodio violento como el que gener\u00f3 esta gente ayer&#8221;, se despeg\u00f3 el jefe de Gabinete. &#8220;Son consecuencias desgraciadas de estos episodios&#8221;, insisti\u00f3. El funcionario todav\u00eda no&#8230;<\/p>\n","protected":false},"author":3,"featured_media":125947,"comment_status":"closed","ping_status":"closed","sticky":false,"template":"","format":"standard","meta":[],"categories":[18],"tags":[],"_links":{"self":[{"href":"https:\/\/www.actualidadadiario.com\/index.php\/wp-json\/wp\/v2\/posts\/125946"}],"collection":[{"href":"https:\/\/www.actualidadadiario.com\/index.php\/wp-json\/wp\/v2\/posts"}],"about":[{"href":"https:\/\/www.actualidadadiario.com\/index.php\/wp-json\/wp\/v2\/types\/post"}],"author":[{"embeddable":true,"href":"https:\/\/www.actualidadadiario.com\/index.php\/wp-json\/wp\/v2\/users\/3"}],"replies":[{"embeddable":true,"href":"https:\/\/www.actualidadadiario.com\/index.php\/wp-json\/wp\/v2\/comments?post=125946"}],"version-history":[{"count":1,"href":"https:\/\/www.actualidadadiario.com\/index.php\/wp-json\/wp\/v2\/posts\/125946\/revisions"}],"predecessor-version":[{"id":125948,"href":"https:\/\/www.actualidadadiario.com\/index.php\/wp-json\/wp\/v2\/posts\/125946\/revisions\/125948"}],"wp:featuredmedia":[{"embeddable":true,"href":"https:\/\/www.actualidadadiario.com\/index.php\/wp-json\/wp\/v2\/media\/125947"}],"wp:attachment":[{"href":"https:\/\/www.actualidadadiario.com\/index.php\/wp-json\/wp\/v2\/media?parent=125946"}],"wp:term":[{"taxonomy":"category","embeddable":true,"href":"https:\/\/www.actualidadadiario.com\/index.php\/wp-json\/wp\/v2\/categories?post=125946"},{"taxonomy":"post_tag","embeddable":true,"href":"https:\/\/www.actualidadadiario.com\/index.php\/wp-json\/wp\/v2\/tags?post=125946"}],"curies":[{"name":"wp","href":"https:\/\/api.w.org\/{rel}","templated":true}]}}