{"id":125942,"date":"2025-03-13T13:16:29","date_gmt":"2025-03-13T16:16:29","guid":{"rendered":"https:\/\/www.actualidadadiario.com\/?p=125942"},"modified":"2025-03-13T13:16:29","modified_gmt":"2025-03-13T16:16:29","slug":"el-gobierno-celebro-el-operativo-de-seguridad-y-apunto-a-partidos-opositores-por-los-incidentes","status":"publish","type":"post","link":"https:\/\/www.actualidadadiario.com\/index.php\/2025\/03\/13\/el-gobierno-celebro-el-operativo-de-seguridad-y-apunto-a-partidos-opositores-por-los-incidentes\/","title":{"rendered":"El Gobierno celebr\u00f3 el operativo de seguridad y apunt\u00f3 a partidos opositores por los incidentes"},"content":{"rendered":"<p style=\"text-align: center;\"><em><strong>El ministerio de Seguridad asegur\u00f3 que \u201cse logr\u00f3 preservar el orden p\u00fablico&#8221; y se comprometi\u00f3 a seguir combatiendo la violencia. Francos apunt\u00f3 contra el kirchnerismo y contra la Justicia que liber\u00f3 a los detenidos<\/strong><\/em><\/p>\n<p>&nbsp;<\/p>\n<p>&nbsp;<\/p>\n<p>Los incidentes ocurridos ayer frente al Congreso en la marcha de jubilados generaron m\u00e1s de 100 detenidos y heridos de gravedad. Para el Gobierno, los responsables de los hechos fueron los barrabravas y partidos pol\u00edticos de la oposici\u00f3n vinculados a la izquierda y al kirchnerismo.<\/p>\n<p>El comunicado difundido anoche por el Ministerio de Seguridad se\u00f1ala que gracias a la labor de las fuerzas federales \u201cse logr\u00f3 preservar el orden p\u00fablico y minimizar el impacto de la circulaci\u00f3n del tr\u00e1nsito\u201d.<\/p>\n<p>La cartera que conduce Patricia Bullrich aclar\u00f3 que los individuos vinculados a barrabravas que hayan participado de los hechos violentos de ayer \u201cser\u00e1n alcanzados por el derecho de admisi\u00f3n\u201d en los espect\u00e1culos deportivos.<\/p>\n<p>El operativo policial de ayer termin\u00f3 con 124 detenidos en los alrededores del Congreso durante la manifestaci\u00f3n de los jubilados. Anoche se orden\u00f3 la inmediata liberaci\u00f3n de 114 personas detenidas.<\/p>\n<p>El informe oficial detall\u00f3 que las Fuerzas Federales detuvieron a 25 personas mientras que la polic\u00eda de la Ciudad detuvo a otras 99. Por los incidentes, 26 efectivos resultaron heridos, uno de ellos de gravedad tras sufrir un disparo de arma de fuego. Sobre los manifestantes, informaron 20 heridos, con uno de gravedad, el fot\u00f3grafo Pablo Grillo.<\/p>\n<p>El comunicado del gobierno reafirma el \u201ccompromiso de respetar la ley y el orden\u201d y se compromete a seguir \u201ctomando todas las medidas necesarias para combatir la violencia en todas sus formas, garantizando la seguridad de los ciudadanos y defendiendo el Estado de derecho\u201d.<\/p>\n<p>El jefe de Gabinete, Guillermo Francos, critic\u00f3 a la Justicia por la liberaci\u00f3n de los detenidos en el Congreso en la marcha de los jubilados del mi\u00e9rcoles, y cuestion\u00f3 &#8220;que lo que deber\u00eda funcionar es la aplicaci\u00f3n de la ley con m\u00e1s dureza\u201d.<\/p>\n<p>\u201cEn pocas horas una jueza dice que como estaban defendiendo derechos no se puede aplicar la flagrancia, porque si no se vulneran los derechos de los detenidos. Si se entiende la ley de esa manera es muy dif\u00edcil combatir la violencia organizada de sectores extremos en el pa\u00eds, porque en definitiva la Justicia los libera r\u00e1pidamente\u201d, se quej\u00f3 el funcionario.<\/p>\n<p>Francos dijo que detr\u00e1s &#8220;de esto est\u00e1n el kirchnerismo, La C\u00e1mpora, los movimientos pol\u00edticos que gobernaron el pa\u00eds en las \u00faltimas d\u00e9cadas&#8221;. \u201cNo encuentran un elemento para poder cuestionar a un gobierno que est\u00e1 dando soluciones y con el que la mayor\u00eda de los argentinos est\u00e1 de acuerdo, despu\u00e9s del desastre y el desorden heredado. Buscan este camino, que es desestabilizar a partir del uso de la violencia y la represi\u00f3n policial, que es lo que corresponde para mantener el orden&#8221;, agreg\u00f3.<\/p>\n","protected":false},"excerpt":{"rendered":"<p>El ministerio de Seguridad asegur\u00f3 que \u201cse logr\u00f3 preservar el orden p\u00fablico&#8221; y se comprometi\u00f3 a seguir combatiendo la violencia. Francos apunt\u00f3 contra el kirchnerismo y contra la Justicia que liber\u00f3 a los detenidos &nbsp; &nbsp; Los incidentes ocurridos ayer frente al Congreso en la marcha de jubilados generaron m\u00e1s de 100 detenidos y heridos de gravedad. Para el Gobierno, los responsables de los hechos fueron los barrabravas y partidos pol\u00edticos de la oposici\u00f3n vinculados a la izquierda y al kirchnerismo. El comunicado difundido anoche por el Ministerio de Seguridad&#8230;<\/p>\n","protected":false},"author":3,"featured_media":125943,"comment_status":"closed","ping_status":"closed","sticky":false,"template":"","format":"standard","meta":[],"categories":[18],"tags":[],"_links":{"self":[{"href":"https:\/\/www.actualidadadiario.com\/index.php\/wp-json\/wp\/v2\/posts\/125942"}],"collection":[{"href":"https:\/\/www.actualidadadiario.com\/index.php\/wp-json\/wp\/v2\/posts"}],"about":[{"href":"https:\/\/www.actualidadadiario.com\/index.php\/wp-json\/wp\/v2\/types\/post"}],"author":[{"embeddable":true,"href":"https:\/\/www.actualidadadiario.com\/index.php\/wp-json\/wp\/v2\/users\/3"}],"replies":[{"embeddable":true,"href":"https:\/\/www.actualidadadiario.com\/index.php\/wp-json\/wp\/v2\/comments?post=125942"}],"version-history":[{"count":1,"href":"https:\/\/www.actualidadadiario.com\/index.php\/wp-json\/wp\/v2\/posts\/125942\/revisions"}],"predecessor-version":[{"id":125944,"href":"https:\/\/www.actualidadadiario.com\/index.php\/wp-json\/wp\/v2\/posts\/125942\/revisions\/125944"}],"wp:featuredmedia":[{"embeddable":true,"href":"https:\/\/www.actualidadadiario.com\/index.php\/wp-json\/wp\/v2\/media\/125943"}],"wp:attachment":[{"href":"https:\/\/www.actualidadadiario.com\/index.php\/wp-json\/wp\/v2\/media?parent=125942"}],"wp:term":[{"taxonomy":"category","embeddable":true,"href":"https:\/\/www.actualidadadiario.com\/index.php\/wp-json\/wp\/v2\/categories?post=125942"},{"taxonomy":"post_tag","embeddable":true,"href":"https:\/\/www.actualidadadiario.com\/index.php\/wp-json\/wp\/v2\/tags?post=125942"}],"curies":[{"name":"wp","href":"https:\/\/api.w.org\/{rel}","templated":true}]}}