{"id":125939,"date":"2025-03-13T13:14:10","date_gmt":"2025-03-13T16:14:10","guid":{"rendered":"https:\/\/www.actualidadadiario.com\/?p=125939"},"modified":"2025-03-13T13:14:10","modified_gmt":"2025-03-13T16:14:10","slug":"disolvieron-mas-de-10-programas-sociales-y-culturales-de-la-secretaria-de-la-ninez","status":"publish","type":"post","link":"https:\/\/www.actualidadadiario.com\/index.php\/2025\/03\/13\/disolvieron-mas-de-10-programas-sociales-y-culturales-de-la-secretaria-de-la-ninez\/","title":{"rendered":"Disolvieron  m\u00e1s de 10 programas sociales y culturales de la Secretar\u00eda de la Ni\u00f1ez"},"content":{"rendered":"<p style=\"text-align: center;\"><em><strong>Desde el Ministerio de Capital Humano adujeron el objetivo de &#8220;lograr una buena gesti\u00f3n y administraci\u00f3n eficiente de los recursos&#8221;. El Gobierno alega que &#8220;resulta indispensable la readecuaci\u00f3n y unificaci\u00f3n de la normativa que implique la duplicidad de programas o L\u00edneas de Acci\u00f3n as\u00ed como de la inversi\u00f3n de los recursos p\u00fablicos&#8221;<\/strong><\/em><\/p>\n<p>&nbsp;<\/p>\n<p>&nbsp;<\/p>\n<p>El Ministerio de Capital Humano, a cargo de Sandra Pettovello, disolvi\u00f3 m\u00e1s de una decena de programas sociales y culturales. El Gobierno nacional dio de baja una serie de programas sociales y culturales, gestionados por la Secretar\u00eda de la Ni\u00f1ez, Adolescencia y Familia, con el objetivo de &#8220;lograr una buena gesti\u00f3n y administraci\u00f3n eficiente de los recursos&#8221;. &#8220;Es indispensable la readecuaci\u00f3n y unificaci\u00f3n de la normativa que implique la duplicidad de programas&#8221;, se\u00f1alaron.<\/p>\n<p>El Gobierno apunt\u00f3 contra la jueza que orden\u00f3 la liberaci\u00f3n de los detenidos en la represi\u00f3n<\/p>\n<p>La medida se implement\u00f3 a trav\u00e9s de las resoluciones 143, 144, 146, 147, 148, 149, 150, 151, 152, 153 y 154 de la cartera que conduce Sandra Pettovello, publicadas este jueves en el Bolet\u00edn Oficial con la firma del secretario de Ni\u00f1ez, Adolescencia y Familia, Juan Bautista Ordo\u00f1ez.<\/p>\n<p>En los textos, el Gobierno alega que &#8220;resulta indispensable la readecuaci\u00f3n y unificaci\u00f3n de la normativa que implique la duplicidad de programas o L\u00edneas de Acci\u00f3n as\u00ed como de la inversi\u00f3n de los recursos p\u00fablicos&#8221;.<\/p>\n<p>Adem\u00e1s, el Ejecutivo record\u00f3 que, seg\u00fan establece &#8220;el art\u00edculo 11 del Anexo a la Ley Marco de Regulaci\u00f3n de Empleo P\u00fablico Nacional N\u00b0 25.164&#8221; los trabajadores que se vean afectados por &#8220;medidas de reestructuraci\u00f3n&#8221; quedar\u00e1n en situaci\u00f3n de &#8220;disponibilidad&#8221; por un per\u00edodo m\u00e1ximo de 12 meses.<\/p>\n<p>&nbsp;<\/p>\n<p><strong>Uno a uno los programas cancelados por el Gobierno<\/strong><\/p>\n<p><strong>&#8211; Participar en Comunidad<\/strong><\/p>\n<p>Ten\u00eda como objetivo &#8220;promover una mayor participaci\u00f3n y articulaci\u00f3n de las instituciones, organizaciones y actores de la comunidad a fin de responder de manera integral a las demandas y necesidades locales planteadas en territorio, principalmente de los sectores m\u00e1s vulnerables, favoreciendo el abordaje integral de las pol\u00edticas sociales, mediante el fortalecimiento de los Centros Integradores Comunitarios y los actores que los conforman, como as\u00ed tambi\u00e9n la realizaci\u00f3n de acciones tendientes al Fortalecimiento para el Desarrollo Humano&#8221;.<\/p>\n<p>&nbsp;<\/p>\n<p><strong>&#8211; Programa Nacional de Promoci\u00f3n y Protecci\u00f3n de Derechos<\/strong><\/p>\n<p>Destinado a &#8220;el fortalecimiento del ni\u00f1o como sujeto de derechos y ciudadano a trav\u00e9s de la promoci\u00f3n y divulgaci\u00f3n de sus derechos, a fin de garantizar su desarrollo pleno, integraci\u00f3n familiar y comunitaria, priorizando su \u2018centro de vida\u2019&#8221;.<\/p>\n<p>&nbsp;<\/p>\n<p><strong>&#8211; Programas Espacio Unzu\u00e9, Espacio Sarmiento, Espacio Crescencia Boado de Garrig\u00f3s y Colonia Guti\u00e9rrez e Inchausti<\/strong><\/p>\n<p>Creados para promocionar &#8220;la convivencia familiar; fortalecer el sistema de protecci\u00f3n y promoci\u00f3n de derechos de ni\u00f1os, ni\u00f1as y adolescentes, instando el principio de corresponsabilidad que le compete a las organizaciones p\u00fablicas y privadas&#8221;.<\/p>\n<p>&nbsp;<\/p>\n<p><strong>&#8211; Centros de Referencias<\/strong><\/p>\n<p>Iniciados con el fin de ser &#8220;instrumento de afianzamiento de la presencia institucional del Ministerio en el territorio nacional&#8221;.<\/p>\n<p>&nbsp;<\/p>\n<p><strong>&#8211; Jugando Construimos Ciudadan\u00eda y Programa Nacional de Derecho al Juego (JUGAR)<\/strong><\/p>\n<p>Ten\u00eda como objetivo &#8220;propiciar la producci\u00f3n de conocimiento en la tem\u00e1tica del juego en la franja etaria comprendida entre los 0 a 17 a\u00f1os, garantizando de esta manera el derecho al juego de ni\u00f1os, ni\u00f1as y adolescentes en todo el pa\u00eds&#8221;.<\/p>\n<p>&nbsp;<\/p>\n<p><strong>-Programa de Promoci\u00f3n de Actividades Recreativas y Socio Comunitarias<\/strong><\/p>\n<p>Apuntaba a resguardar a &#8220;el derecho al descanso y al esparcimiento, al juego y a las actividades recreativas de cada ni\u00f1o&#8221;.<\/p>\n<p>&nbsp;<\/p>\n<p><strong>&#8211; Unidad T\u00e9cnica para el Abordaje Integral de Derechos<\/strong><\/p>\n<p>Creada para &#8220;prevenir y reducir las situaciones de vulneraci\u00f3n de derechos garantizando el acceso y desarrollo integral&#8221;.<\/p>\n<p>&nbsp;<\/p>\n<p><strong>&#8211; Departamento de Salud Integral<\/strong><\/p>\n<p>Buscaba brindar una asistencia directa a aquellos ni\u00f1os y adolescentes que se encontraban en institutos que estaban a cargo de la Secretar\u00eda de Ni\u00f1ez.<\/p>\n<p>&nbsp;<\/p>\n<p><strong>&#8211; Programa de Protecci\u00f3n Integral de Derechos de Ni\u00f1as y Ni\u00f1os con Madres Privadas de la Libertad<\/strong><\/p>\n<p>Creado para acompa\u00f1ar a los menores hijos de mujeres detenidas.<\/p>\n<p>&nbsp;<\/p>\n<p><strong>&#8211; L\u00ednea Activar<\/strong><\/p>\n<p>Destinada a &#8220;el establecimiento de diversas acciones de trabajo con adolescencias, abordadas desde una multiplicidad de acciones tendientes a fortalecer espacios de encuentro y participaci\u00f3n, que reforzaren los lazos comunitarios y la autonom\u00eda progresiva de los adolescentes&#8221;.<\/p>\n<p>&nbsp;<\/p>\n<p><strong>&#8211; Consejo Consultivo de Adolescentes y el Programa nacional de Derechos a la Participaci\u00f3n Ciudadana de Ni\u00f1as, Ni\u00f1os y Adolescentes<\/strong><\/p>\n<p>Desarrollado para &#8220;garantizar el ejercicio del derecho a la participaci\u00f3n ciudadana de los adolescentes de 13 a 17 a\u00f1os, trav\u00e9s de la institucionalizaci\u00f3n de mecanismos de consultas, donde dicha franja etaria de la poblaci\u00f3n pudiese participar en el dise\u00f1o, ejecuci\u00f3n y evaluaci\u00f3n de las pol\u00edticas p\u00fablicas que les correspondieren&#8221;.<\/p>\n","protected":false},"excerpt":{"rendered":"<p>Desde el Ministerio de Capital Humano adujeron el objetivo de &#8220;lograr una buena gesti\u00f3n y administraci\u00f3n eficiente de los recursos&#8221;. El Gobierno alega que &#8220;resulta indispensable la readecuaci\u00f3n y unificaci\u00f3n de la normativa que implique la duplicidad de programas o L\u00edneas de Acci\u00f3n as\u00ed como de la inversi\u00f3n de los recursos p\u00fablicos&#8221; &nbsp; &nbsp; El Ministerio de Capital Humano, a cargo de Sandra Pettovello, disolvi\u00f3 m\u00e1s de una decena de programas sociales y culturales. El Gobierno nacional dio de baja una serie de programas sociales y culturales, gestionados por la&#8230;<\/p>\n","protected":false},"author":3,"featured_media":125940,"comment_status":"closed","ping_status":"closed","sticky":false,"template":"","format":"standard","meta":[],"categories":[9],"tags":[],"_links":{"self":[{"href":"https:\/\/www.actualidadadiario.com\/index.php\/wp-json\/wp\/v2\/posts\/125939"}],"collection":[{"href":"https:\/\/www.actualidadadiario.com\/index.php\/wp-json\/wp\/v2\/posts"}],"about":[{"href":"https:\/\/www.actualidadadiario.com\/index.php\/wp-json\/wp\/v2\/types\/post"}],"author":[{"embeddable":true,"href":"https:\/\/www.actualidadadiario.com\/index.php\/wp-json\/wp\/v2\/users\/3"}],"replies":[{"embeddable":true,"href":"https:\/\/www.actualidadadiario.com\/index.php\/wp-json\/wp\/v2\/comments?post=125939"}],"version-history":[{"count":1,"href":"https:\/\/www.actualidadadiario.com\/index.php\/wp-json\/wp\/v2\/posts\/125939\/revisions"}],"predecessor-version":[{"id":125941,"href":"https:\/\/www.actualidadadiario.com\/index.php\/wp-json\/wp\/v2\/posts\/125939\/revisions\/125941"}],"wp:featuredmedia":[{"embeddable":true,"href":"https:\/\/www.actualidadadiario.com\/index.php\/wp-json\/wp\/v2\/media\/125940"}],"wp:attachment":[{"href":"https:\/\/www.actualidadadiario.com\/index.php\/wp-json\/wp\/v2\/media?parent=125939"}],"wp:term":[{"taxonomy":"category","embeddable":true,"href":"https:\/\/www.actualidadadiario.com\/index.php\/wp-json\/wp\/v2\/categories?post=125939"},{"taxonomy":"post_tag","embeddable":true,"href":"https:\/\/www.actualidadadiario.com\/index.php\/wp-json\/wp\/v2\/tags?post=125939"}],"curies":[{"name":"wp","href":"https:\/\/api.w.org\/{rel}","templated":true}]}}