{"id":125918,"date":"2025-03-13T10:41:40","date_gmt":"2025-03-13T13:41:40","guid":{"rendered":"https:\/\/www.actualidadadiario.com\/?p=125918"},"modified":"2025-03-13T10:41:40","modified_gmt":"2025-03-13T13:41:40","slug":"se-viene-un-gradual-aumento-en-las-temperaturas-maximas","status":"publish","type":"post","link":"https:\/\/www.actualidadadiario.com\/index.php\/2025\/03\/13\/se-viene-un-gradual-aumento-en-las-temperaturas-maximas\/","title":{"rendered":"Se viene un gradual aumento en las temperaturas m\u00e1ximas"},"content":{"rendered":"<p style=\"text-align: center;\"><em><strong>La ma\u00f1ana comienza fresca y se prev\u00e9 una tarde agradable en Entre R\u00edos. No hay anuncio de lluvias y se espera un repunte del calor los pr\u00f3ximos d\u00edas<\/strong><\/em><\/p>\n<p>&nbsp;<\/p>\n<p>&nbsp;<\/p>\n<p>El Servicio Meteorol\u00f3gico Nacional -SMN- informa que este jueves 13 de marzo se presenta con buenas condiciones del tiempo en Entre R\u00edos. No hay anuncio de lluvias y se espera un d\u00eda con sol y algunas nubes en el cielo.<\/p>\n<p>La ma\u00f1ana inicia fresca, con temperaturas m\u00ednimas de entre 10 y 12 grados, mientras que la tarde ser\u00e1 m\u00e1s agradable con m\u00e1ximas de entre 22 y 23 grados.<\/p>\n<p>Los pr\u00f3ximos d\u00edas se prev\u00e9 un aumento de las temperaturas. El calor volver\u00e1, pero no ser\u00e1n jornadas agradables. M\u00e1s cerca del fin de semana regresar\u00e1n las m\u00e1ximas cercanas a los 30 grados en la provincia.<\/p>\n<p>&nbsp;<\/p>\n<p><strong>As\u00ed estar\u00e1 el tiempo hoy<\/strong><\/p>\n<p>En Paran\u00e1, La Paz, Villaguay, Diamante y Nogoy\u00e1 la temperatura m\u00ednima ser\u00e1 de 12 grados y la m\u00e1xima alcanzar\u00e1 los 23 grados. En la capital y alrededores se espera un cielo parcialmente nublado durante todo el d\u00eda.<\/p>\n<p>En Concordia, Federal, Feliciano, Federaci\u00f3n y San Salvador, en tanto, se aguarda una m\u00ednima de 12 grados y una m\u00e1xima de 22 grados. En estas ciudades tambi\u00e9n se anuncia un cielo entre parcialmente y algo nublado para este martes.<\/p>\n<p>En Gualeguaych\u00fa, Col\u00f3n, Uruguay, Tala e Islas se espera una m\u00ednima de 11 grados y una m\u00e1xima de 22 grados. Tambi\u00e9n se aguarda un d\u00eda con sol y pocas nubes.<\/p>\n<p>Finalmente, en Victoria y Gualeguay se indican 10 grados de m\u00ednima y 22 grados de m\u00e1xima, con cielo tambi\u00e9n parcialmente despejado, sin lluvias.<\/p>\n","protected":false},"excerpt":{"rendered":"<p>La ma\u00f1ana comienza fresca y se prev\u00e9 una tarde agradable en Entre R\u00edos. No hay anuncio de lluvias y se espera un repunte del calor los pr\u00f3ximos d\u00edas &nbsp; &nbsp; El Servicio Meteorol\u00f3gico Nacional -SMN- informa que este jueves 13 de marzo se presenta con buenas condiciones del tiempo en Entre R\u00edos. No hay anuncio de lluvias y se espera un d\u00eda con sol y algunas nubes en el cielo. La ma\u00f1ana inicia fresca, con temperaturas m\u00ednimas de entre 10 y 12 grados, mientras que la tarde ser\u00e1 m\u00e1s agradable&#8230;<\/p>\n","protected":false},"author":3,"featured_media":89008,"comment_status":"closed","ping_status":"closed","sticky":false,"template":"","format":"standard","meta":[],"categories":[15],"tags":[],"_links":{"self":[{"href":"https:\/\/www.actualidadadiario.com\/index.php\/wp-json\/wp\/v2\/posts\/125918"}],"collection":[{"href":"https:\/\/www.actualidadadiario.com\/index.php\/wp-json\/wp\/v2\/posts"}],"about":[{"href":"https:\/\/www.actualidadadiario.com\/index.php\/wp-json\/wp\/v2\/types\/post"}],"author":[{"embeddable":true,"href":"https:\/\/www.actualidadadiario.com\/index.php\/wp-json\/wp\/v2\/users\/3"}],"replies":[{"embeddable":true,"href":"https:\/\/www.actualidadadiario.com\/index.php\/wp-json\/wp\/v2\/comments?post=125918"}],"version-history":[{"count":1,"href":"https:\/\/www.actualidadadiario.com\/index.php\/wp-json\/wp\/v2\/posts\/125918\/revisions"}],"predecessor-version":[{"id":125919,"href":"https:\/\/www.actualidadadiario.com\/index.php\/wp-json\/wp\/v2\/posts\/125918\/revisions\/125919"}],"wp:featuredmedia":[{"embeddable":true,"href":"https:\/\/www.actualidadadiario.com\/index.php\/wp-json\/wp\/v2\/media\/89008"}],"wp:attachment":[{"href":"https:\/\/www.actualidadadiario.com\/index.php\/wp-json\/wp\/v2\/media?parent=125918"}],"wp:term":[{"taxonomy":"category","embeddable":true,"href":"https:\/\/www.actualidadadiario.com\/index.php\/wp-json\/wp\/v2\/categories?post=125918"},{"taxonomy":"post_tag","embeddable":true,"href":"https:\/\/www.actualidadadiario.com\/index.php\/wp-json\/wp\/v2\/tags?post=125918"}],"curies":[{"name":"wp","href":"https:\/\/api.w.org\/{rel}","templated":true}]}}