{"id":125911,"date":"2025-03-13T10:39:33","date_gmt":"2025-03-13T13:39:33","guid":{"rendered":"https:\/\/www.actualidadadiario.com\/?p=125911"},"modified":"2025-03-13T10:39:33","modified_gmt":"2025-03-13T13:39:33","slug":"llego-el-primer-envio-de-vacunas-antigripales","status":"publish","type":"post","link":"https:\/\/www.actualidadadiario.com\/index.php\/2025\/03\/13\/llego-el-primer-envio-de-vacunas-antigripales\/","title":{"rendered":"Lleg\u00f3 el primer env\u00edo de vacunas antigripales"},"content":{"rendered":"<p style=\"text-align: center;\"><em><strong>La cartera sanitaria nacional distribuy\u00f3 934.000 dosis de la vacuna antigripal y 422.060 contra el neumococo entre todas las jurisdicciones de cara a lo que ser\u00e1 la Campa\u00f1a de Vacunaci\u00f3n Antigripal 2025<\/strong><\/em><\/p>\n<p>&nbsp;<\/p>\n<p>&nbsp;<\/p>\n<p>De cara a la \u00e9poca de invierno, en el pa\u00eds ya se empiezan a planificar las acciones en materia sanitaria para la organizaci\u00f3n de equipos y recursos con el objetivo de dar respuesta ante el aumento de enfermedades respiratorias. Asimismo, semanas antes, se avanza en la vacunaci\u00f3n antigripal para grupos de riesgo. En este marco, el Ministerio de Salud de Entre R\u00edos recibi\u00f3 por parte de Naci\u00f3n las primeras dosis para comenzar a inmunizar, en fecha a confirmar.<\/p>\n<p>La vacunaci\u00f3n antigripal tiene como objetivo prevenir complicaciones graves y hospitalizaciones y est\u00e1 destinada a personas entre los 6 y 24 meses de edad, personal de salud, mayores de 65 a\u00f1os, embarazadas en cualquier trimestre de gestaci\u00f3n y pu\u00e9rperas hasta 10 d\u00edas posteriores al egreso de la maternidad (si no se vacunaron durante el embarazo) y personas de cualquier edad con factores de riesgo.<\/p>\n<p>Desde el Programa Ampliado de Inmunizaciones (PAI) del Ministerio de Salud de Entre R\u00edos se indic\u00f3 que se realizar\u00e1 una planificaci\u00f3n para la posterior distribuci\u00f3n de las dosis al interior de la provincia de manera paulatina.<\/p>\n<p>Las vacunas contra la gripe y el neumococo son parte del Calendario Nacional de Vacunaci\u00f3n. Esta \u00faltima tiene como prop\u00f3sito disminuir la incidencia, complicaciones y mortalidad por neumon\u00eda y enfermedad neumoc\u00f3cica invasiva en Argentina. Las personas con mayor riesgo de padecer esta enfermedad son los menores de 2 a\u00f1os, mayores de 65 a\u00f1os y las personas con trastornos de la inmunidad o enfermedades cr\u00f3nicas respiratorias, card\u00edacas y renales, entre otras.<\/p>\n<p>Es preciso remarcar que ambas vacunas son gratuitas y obligatorias para la poblaci\u00f3n objetivo.<\/p>\n<p>Cabe se\u00f1alar que Naci\u00f3n adquiri\u00f3 un total de 8.610.000 vacunas antigripales para este a\u00f1o, por lo que continuar\u00e1 con las entregas seg\u00fan la planificaci\u00f3n compartida con las provincias en el \u00faltimo Consejo Federal de Salud (Cofesa).<\/p>\n","protected":false},"excerpt":{"rendered":"<p>La cartera sanitaria nacional distribuy\u00f3 934.000 dosis de la vacuna antigripal y 422.060 contra el neumococo entre todas las jurisdicciones de cara a lo que ser\u00e1 la Campa\u00f1a de Vacunaci\u00f3n Antigripal 2025 &nbsp; &nbsp; De cara a la \u00e9poca de invierno, en el pa\u00eds ya se empiezan a planificar las acciones en materia sanitaria para la organizaci\u00f3n de equipos y recursos con el objetivo de dar respuesta ante el aumento de enfermedades respiratorias. Asimismo, semanas antes, se avanza en la vacunaci\u00f3n antigripal para grupos de riesgo. En este marco, el&#8230;<\/p>\n","protected":false},"author":3,"featured_media":125912,"comment_status":"closed","ping_status":"closed","sticky":false,"template":"","format":"standard","meta":[],"categories":[15],"tags":[],"_links":{"self":[{"href":"https:\/\/www.actualidadadiario.com\/index.php\/wp-json\/wp\/v2\/posts\/125911"}],"collection":[{"href":"https:\/\/www.actualidadadiario.com\/index.php\/wp-json\/wp\/v2\/posts"}],"about":[{"href":"https:\/\/www.actualidadadiario.com\/index.php\/wp-json\/wp\/v2\/types\/post"}],"author":[{"embeddable":true,"href":"https:\/\/www.actualidadadiario.com\/index.php\/wp-json\/wp\/v2\/users\/3"}],"replies":[{"embeddable":true,"href":"https:\/\/www.actualidadadiario.com\/index.php\/wp-json\/wp\/v2\/comments?post=125911"}],"version-history":[{"count":1,"href":"https:\/\/www.actualidadadiario.com\/index.php\/wp-json\/wp\/v2\/posts\/125911\/revisions"}],"predecessor-version":[{"id":125913,"href":"https:\/\/www.actualidadadiario.com\/index.php\/wp-json\/wp\/v2\/posts\/125911\/revisions\/125913"}],"wp:featuredmedia":[{"embeddable":true,"href":"https:\/\/www.actualidadadiario.com\/index.php\/wp-json\/wp\/v2\/media\/125912"}],"wp:attachment":[{"href":"https:\/\/www.actualidadadiario.com\/index.php\/wp-json\/wp\/v2\/media?parent=125911"}],"wp:term":[{"taxonomy":"category","embeddable":true,"href":"https:\/\/www.actualidadadiario.com\/index.php\/wp-json\/wp\/v2\/categories?post=125911"},{"taxonomy":"post_tag","embeddable":true,"href":"https:\/\/www.actualidadadiario.com\/index.php\/wp-json\/wp\/v2\/tags?post=125911"}],"curies":[{"name":"wp","href":"https:\/\/api.w.org\/{rel}","templated":true}]}}