{"id":125909,"date":"2025-03-13T10:37:57","date_gmt":"2025-03-13T13:37:57","guid":{"rendered":"https:\/\/www.actualidadadiario.com\/?p=125909"},"modified":"2025-03-13T10:37:57","modified_gmt":"2025-03-13T13:37:57","slug":"pospusieron-para-manana-el-encuentro-paritario-entre-gremios-estatales-y-el-gobierno","status":"publish","type":"post","link":"https:\/\/www.actualidadadiario.com\/index.php\/2025\/03\/13\/pospusieron-para-manana-el-encuentro-paritario-entre-gremios-estatales-y-el-gobierno\/","title":{"rendered":"Pospusieron para ma\u00f1ana el encuentro paritario entre gremios estatales y el gobierno"},"content":{"rendered":"<p style=\"text-align: center;\"><em><strong>La reuni\u00f3n estaba prevista para la tarde de este mi\u00e9rcoles, pero desde el Gobierno provincial confirmaron que se reprogram\u00f3 para este viernes al mediod\u00eda<\/strong><\/em><\/p>\n<p>&nbsp;<\/p>\n<p>&nbsp;<\/p>\n<p>La semana pasada, el gobierno provincial y los gremios estatales Uni\u00f3n del Personal Civil de la Naci\u00f3n (UPCN) y Asociaci\u00f3n Trabajadores del Estado (ATE), iniciaron las reuniones en el marco de la paritaria salarial.<\/p>\n<p>En ese primer encuentro, hubo planteos de las entidades y se pas\u00f3 a un cuarto intermedio para este mi\u00e9rcoles 12 de marzo a las 15.<\/p>\n<p>Pero pasado el mediod\u00eda, desde el gobierno provincial confirmaron que la reuni\u00f3n se reprogramaba para el d\u00eda viernes 14 a las 12.30 del mediod\u00eda.<\/p>\n<p>Vale recordar que tras el primer encuentro, el secretario General de ATE, Oscar Muntes anticip\u00f3 que &#8220;la idea es ajustar los salario al \u00edndice mensual de IPC -la inflaci\u00f3n- y modificar la base de c\u00e1lculo en forma escalonada porque en la primera oferta esos cambios no tiene fechas previstas&#8221;.<\/p>\n<p>&#8220;Para acordar para todo el a\u00f1o, deber\u00eda venir el gobierno con algo similar a lo que les ofert\u00f3 a los docentes. Eso en lo salarial, pero se deber\u00eda tambi\u00e9n generar una revalorizaci\u00f3n de la carrera administrativa del Estado. En el caso nuestro, el Poder Ejecutivo no hizo una propuesta sobre el escalaf\u00f3n, ahora bien, si este mi\u00e9rcoles a las 15 nos hacen la misma propuesta que a los docentes, se podr\u00eda considerar&#8221;, adelant\u00f3 Muntes.<\/p>\n<p>En la actualidad, \u201cel b\u00e1sico inicial de un estatal es solo de 90 mil pesos, pero se transforma en m\u00e1s de 600 mil cuando se agregan una serie de c\u00f3digos. El que menos percibe ronda los 700 a 750 mil pesos de bolsillo&#8221;.<\/p>\n","protected":false},"excerpt":{"rendered":"<p>La reuni\u00f3n estaba prevista para la tarde de este mi\u00e9rcoles, pero desde el Gobierno provincial confirmaron que se reprogram\u00f3 para este viernes al mediod\u00eda &nbsp; &nbsp; La semana pasada, el gobierno provincial y los gremios estatales Uni\u00f3n del Personal Civil de la Naci\u00f3n (UPCN) y Asociaci\u00f3n Trabajadores del Estado (ATE), iniciaron las reuniones en el marco de la paritaria salarial. En ese primer encuentro, hubo planteos de las entidades y se pas\u00f3 a un cuarto intermedio para este mi\u00e9rcoles 12 de marzo a las 15. Pero pasado el mediod\u00eda, desde&#8230;<\/p>\n","protected":false},"author":3,"featured_media":125740,"comment_status":"closed","ping_status":"closed","sticky":false,"template":"","format":"standard","meta":[],"categories":[15],"tags":[],"_links":{"self":[{"href":"https:\/\/www.actualidadadiario.com\/index.php\/wp-json\/wp\/v2\/posts\/125909"}],"collection":[{"href":"https:\/\/www.actualidadadiario.com\/index.php\/wp-json\/wp\/v2\/posts"}],"about":[{"href":"https:\/\/www.actualidadadiario.com\/index.php\/wp-json\/wp\/v2\/types\/post"}],"author":[{"embeddable":true,"href":"https:\/\/www.actualidadadiario.com\/index.php\/wp-json\/wp\/v2\/users\/3"}],"replies":[{"embeddable":true,"href":"https:\/\/www.actualidadadiario.com\/index.php\/wp-json\/wp\/v2\/comments?post=125909"}],"version-history":[{"count":1,"href":"https:\/\/www.actualidadadiario.com\/index.php\/wp-json\/wp\/v2\/posts\/125909\/revisions"}],"predecessor-version":[{"id":125910,"href":"https:\/\/www.actualidadadiario.com\/index.php\/wp-json\/wp\/v2\/posts\/125909\/revisions\/125910"}],"wp:featuredmedia":[{"embeddable":true,"href":"https:\/\/www.actualidadadiario.com\/index.php\/wp-json\/wp\/v2\/media\/125740"}],"wp:attachment":[{"href":"https:\/\/www.actualidadadiario.com\/index.php\/wp-json\/wp\/v2\/media?parent=125909"}],"wp:term":[{"taxonomy":"category","embeddable":true,"href":"https:\/\/www.actualidadadiario.com\/index.php\/wp-json\/wp\/v2\/categories?post=125909"},{"taxonomy":"post_tag","embeddable":true,"href":"https:\/\/www.actualidadadiario.com\/index.php\/wp-json\/wp\/v2\/tags?post=125909"}],"curies":[{"name":"wp","href":"https:\/\/api.w.org\/{rel}","templated":true}]}}