{"id":125891,"date":"2025-03-12T14:24:23","date_gmt":"2025-03-12T17:24:23","guid":{"rendered":"https:\/\/www.actualidadadiario.com\/?p=125891"},"modified":"2025-03-12T14:24:23","modified_gmt":"2025-03-12T17:24:23","slug":"la-comision-de-acuerdos-del-senado-se-reunira-este-jueves-para-definir-la-situacion-de-garcia-mansilla","status":"publish","type":"post","link":"https:\/\/www.actualidadadiario.com\/index.php\/2025\/03\/12\/la-comision-de-acuerdos-del-senado-se-reunira-este-jueves-para-definir-la-situacion-de-garcia-mansilla\/","title":{"rendered":"La Comisi\u00f3n de Acuerdos del Senado se reunir\u00e1 este jueves para definir la situaci\u00f3n de Garc\u00eda Mansilla"},"content":{"rendered":"<p style=\"text-align: center;\"><em><strong>Los senadores tratar\u00e1n el pliego del catedr\u00e1tico, quien ya se encuentra en funciones como miembro de la Corte, luego de haber sido nombrado por decreto del presidente Milei<\/strong><\/em><\/p>\n<p>&nbsp;<\/p>\n<p>&nbsp;<\/p>\n<p>En un escenario de fuerte malestar por la decisi\u00f3n del presidente Javier Milei de nombrar \u201cen comisi\u00f3n\u201d por decreto a dos jueces de la Corte Suprema, la oposici\u00f3n en el Senado buscar\u00e1 habilitar el dictamen del pliego de Manuel Garc\u00eda-Mansilla, quien ya se encuentra en funciones en el m\u00e1ximo tribunal.<\/p>\n<p>La reuni\u00f3n de la Comisi\u00f3n de Acuerdos fue convocada para este jueves a las 11 por su presidenta, la senadora del Pro Guadalupe Tagliaferri, quien junto al radical Mart\u00edn Lousteau ya present\u00f3 un despacho de rechazo a la postulaci\u00f3n de Garc\u00eda-Mansilla, con la principal cr\u00edtica por haber aceptado ser designado por decreto, cuando en la audiencia p\u00fablica a la que asisti\u00f3 el a\u00f1o pasado en la C\u00e1mara alta dijo que no lo har\u00eda.<\/p>\n<p>Adem\u00e1s, desde Uni\u00f3n por la Patria sumar\u00edan otro despacho con la firma de todos sus integrantes en esa comisi\u00f3n, un total de 7. De esta manera, con 9 firmas, el dictamen ya estar\u00eda en condiciones de ser tratado en el recinto sin la necesidad de reunir dos tercios de los votos para habilitarlo.<\/p>\n<p>A diferencia de Ariel Lijo, el pliego de Garc\u00eda-Mansilla nunca hab\u00eda obtenido el dictamen necesario. El apoyo cosechado llegaba al de un libertario y tres aliados del oficialismo, quienes se ver\u00e1 si formalizan la presentaci\u00f3n de un dictamen en ese sentido este jueves. Otro rol clave ser\u00e1 el de los senadores de la UCR que forman parte de la comisi\u00f3n, en medio de otra de las internas en ese bloque.<\/p>\n<p>El pasado 13 de febrero, incluso con la firma de tres legisladores de UP, el pliego de Lijo qued\u00f3 formalizado. La intenci\u00f3n de La Libertad Avanza era tratarlo una semana despu\u00e9s en el recinto, pero esto no se logr\u00f3: adem\u00e1s de que los votos no alcanzaban, pues el juez federal re\u00fane un amplio rechazo en la oposici\u00f3n dialoguista y con tan s\u00f3lo una docena de votos de UP -como habr\u00eda reunido- no se garantizaba su aprobaci\u00f3n, el clima pol\u00edtico por el esc\u00e1ndalo cripto ech\u00f3 por tierra la posibilidad.<\/p>\n<p>Culminado el per\u00edodo de sesiones extraordinarias sin avance en los pliegos, el presidente Milei firm\u00f3 por decreto las designaciones de Lijo y Garc\u00eda-Mansilla \u201cen comisi\u00f3n\u201d hasta el pr\u00f3ximo 30 de noviembre.<\/p>\n<p>En el caso de Garc\u00eda Mansilla, la Corte le tom\u00f3 juramento r\u00e1pidamente, tan s\u00f3lo dos d\u00edas despu\u00e9s de la decisi\u00f3n adoptada por Milei; mientras que a Lijo, el m\u00e1ximo tribunal le rechaz\u00f3 el pedido de licencia en su cargo como titular del Juzgado Federal N\u00b04 de Comodoro Py. No dispuesto a renunciar, la suerte de Lijo se definir\u00e1 en el Senado por s\u00ed o por no, con altas chances de ser rechazado.<\/p>\n<p>Ahora, el caso de Garc\u00eda-Mansilla abrir\u00e1 un problema m\u00e1s complejo, con bibliotecas divididas sobre qu\u00e9 podr\u00eda pasar si la C\u00e1mara alta rechaza su pliego. Un tema que, sin dudas, entrar\u00eda en un conflicto judicial que podr\u00eda terminar (parad\u00f3jicamente) en manos de la Corte.<\/p>\n","protected":false},"excerpt":{"rendered":"<p>Los senadores tratar\u00e1n el pliego del catedr\u00e1tico, quien ya se encuentra en funciones como miembro de la Corte, luego de haber sido nombrado por decreto del presidente Milei &nbsp; &nbsp; En un escenario de fuerte malestar por la decisi\u00f3n del presidente Javier Milei de nombrar \u201cen comisi\u00f3n\u201d por decreto a dos jueces de la Corte Suprema, la oposici\u00f3n en el Senado buscar\u00e1 habilitar el dictamen del pliego de Manuel Garc\u00eda-Mansilla, quien ya se encuentra en funciones en el m\u00e1ximo tribunal. La reuni\u00f3n de la Comisi\u00f3n de Acuerdos fue convocada para&#8230;<\/p>\n","protected":false},"author":3,"featured_media":125893,"comment_status":"closed","ping_status":"closed","sticky":false,"template":"","format":"standard","meta":[],"categories":[18],"tags":[],"_links":{"self":[{"href":"https:\/\/www.actualidadadiario.com\/index.php\/wp-json\/wp\/v2\/posts\/125891"}],"collection":[{"href":"https:\/\/www.actualidadadiario.com\/index.php\/wp-json\/wp\/v2\/posts"}],"about":[{"href":"https:\/\/www.actualidadadiario.com\/index.php\/wp-json\/wp\/v2\/types\/post"}],"author":[{"embeddable":true,"href":"https:\/\/www.actualidadadiario.com\/index.php\/wp-json\/wp\/v2\/users\/3"}],"replies":[{"embeddable":true,"href":"https:\/\/www.actualidadadiario.com\/index.php\/wp-json\/wp\/v2\/comments?post=125891"}],"version-history":[{"count":1,"href":"https:\/\/www.actualidadadiario.com\/index.php\/wp-json\/wp\/v2\/posts\/125891\/revisions"}],"predecessor-version":[{"id":125894,"href":"https:\/\/www.actualidadadiario.com\/index.php\/wp-json\/wp\/v2\/posts\/125891\/revisions\/125894"}],"wp:featuredmedia":[{"embeddable":true,"href":"https:\/\/www.actualidadadiario.com\/index.php\/wp-json\/wp\/v2\/media\/125893"}],"wp:attachment":[{"href":"https:\/\/www.actualidadadiario.com\/index.php\/wp-json\/wp\/v2\/media?parent=125891"}],"wp:term":[{"taxonomy":"category","embeddable":true,"href":"https:\/\/www.actualidadadiario.com\/index.php\/wp-json\/wp\/v2\/categories?post=125891"},{"taxonomy":"post_tag","embeddable":true,"href":"https:\/\/www.actualidadadiario.com\/index.php\/wp-json\/wp\/v2\/tags?post=125891"}],"curies":[{"name":"wp","href":"https:\/\/api.w.org\/{rel}","templated":true}]}}