{"id":125888,"date":"2025-03-12T14:22:54","date_gmt":"2025-03-12T17:22:54","guid":{"rendered":"https:\/\/www.actualidadadiario.com\/?p=125888"},"modified":"2025-03-12T14:22:54","modified_gmt":"2025-03-12T17:22:54","slug":"el-radicalismo-endurece-su-oposicion-y-cita-a-los-jefes-de-bloque-para-avanzar-con-jueces-y-criptogate","status":"publish","type":"post","link":"https:\/\/www.actualidadadiario.com\/index.php\/2025\/03\/12\/el-radicalismo-endurece-su-oposicion-y-cita-a-los-jefes-de-bloque-para-avanzar-con-jueces-y-criptogate\/","title":{"rendered":"El radicalismo endurece su oposici\u00f3n y cita a los jefes de bloque para avanzar con jueces y criptogate"},"content":{"rendered":"<p style=\"text-align: center;\"><em><strong>Los radicales m\u00e1s dialoguistas perdieron el debate interno. Convocan a Vischi y De Loredo<\/strong><\/em><\/p>\n<p>&nbsp;<\/p>\n<p>&nbsp;<\/p>\n<p>El Comit\u00e9 Nacional de la UCR resolvi\u00f3 la citaci\u00f3n del jefe de la bancada en el Senado, Eduardo Vischi, para definir el rechazo a los pliegos de Ariel Lijo y Manuel Garc\u00eda Mansilla, en un gesto de endurecimiento contra la designaci\u00f3n por decreto que instrument\u00f3 Javier Milei. Tambi\u00e9n convoc\u00f3 a una reuni\u00f3n a los presidentes de bloque en la C\u00e1mara Baja, Rodrigo De Loredo y Pablo Juliano, para que respalden la creaci\u00f3n de una comisi\u00f3n investigadora por el Criptogate.<\/p>\n<p>Liderado por Mart\u00edn Lousteau, el \u00f3rgano de conducci\u00f3n partidario abord\u00f3 los dos temas que dividen a sus legisladores y tambi\u00e9n convoc\u00f3 a la Convenci\u00f3n Nacional para el pr\u00f3ximo 25 de abril. De hecho, uno de los presentes en el encuentro de este martes refiri\u00f3 a LPO que la diputada Pamela Verasay y el ex senador Luis Naidenoff se opon\u00edan a la citaci\u00f3n, pero los representantes votaron y los impulsores del encuentro se impusieron por 12 votos contra dos.<\/p>\n<p>Antes, uno de los referentes de la Mesa Nacional propuso una nota o comunicado con el sello de la UCR para pronunciarse sobre la designaci\u00f3n de los jueces y el esc\u00e1ndalo de la estafa de $LIBRA pero el formose\u00f1o resisti\u00f3 tambi\u00e9n la publicaci\u00f3n de un texto al respecto, lo que provoc\u00f3 que sus adversarios internos propusieran la convocatoria a Vischi.<\/p>\n<p>La mayor\u00eda del bloque radical en la C\u00e1mara Alta estaba dispuesta a sumar voluntades con el peronismo para voltear los pliegos de los jueces que Javier Milei design\u00f3 en la Corte Suprema por decreto. Vischi, por su parte, pretend\u00eda que los radicales no rechazaran el nombramiento de los magistrados, por instrucci\u00f3n del gobernador Gustavo Vald\u00e9s, uno de los mandatarios de la UCR de buena sinton\u00eda con la Casa Rosada.<\/p>\n<p>La UCR cuenta en el Senado con 13 bancas y, si el Comit\u00e9 emplazara a su bloque a que votara con unanimidad contra los pliegos de Lijo y Garc\u00eda Mansilla, podr\u00edan quedar muy cerca de los dos tercios que necesitar\u00eda el peronismo para rechazar al catedr\u00e1tico de la Universidad Austral. Jos\u00e9 Mayans y Juliana di Tullio lideran una tropa de 34 legisladores y quedar\u00edan con 47 senadores listos para torcerle el brazo al gobierno, uno menos que los que se precisan.<\/p>\n<p>Esa aritm\u00e9tica se podr\u00eda plasmar siempre que los peronistas no sufran bajas o los radicales no cambien de planes, como pas\u00f3 con el propio Vischi en la votaci\u00f3n de la creaci\u00f3n de una comisi\u00f3n investigadora para esclarecer el Criptogate.<\/p>\n<p>En ese sentido, el Comit\u00e9 cit\u00f3 a De Loredo, jefe de la UCR en Diputados, y Juliano, l\u00edder de Democracia para Siempre, para fortalecer su posici\u00f3n. De los 20 legisladores que integran el bloque del cordob\u00e9s, solo iban a asistir cuatro o cinco antes que se produjera este pronunciamiento.<\/p>\n<p>Los de Juliano y Facundo Manes, sin embargo, ser\u00e1n 12 sentados a sus bancas, en total.<\/p>\n<p>Cerca del gobernador Alfredo Cornejo se mostraron disconformes con la reuni\u00f3n del Comit\u00e9 de este martes, mientras que en la bancada de Democracia Para Siempre comentaron que las autoridades de la UCR encargaron que se trasladen sus posturas a las reuniones de bloque que mantendr\u00edan los legisladores este martes en ambas c\u00e1maras.<\/p>\n<p>&#8220;Se qued\u00f3 en que se trasladaba lo que se hab\u00eda discutido acerca de avanzar con una comisi\u00f3n investigadora y pedidos de informes por el tema cripto y, en el caso del Senado, se respald\u00f3 el tratamiento de los pliegos de jueces pero, como los bloques ten\u00edan reuniones, se propuso alguna reuni\u00f3n ma\u00f1ana para escuchar la posici\u00f3n de los bloques y debatir&#8221;, explic\u00f3 una legisladora.<\/p>\n<p>Aunque fuentes del Comit\u00e9 estimaron que ambas reuniones se producir\u00edan este mi\u00e9rcoles, antes de la sesi\u00f3n para aprobar la comisi\u00f3n investigadora en la C\u00e1mara Baja, una dirigenta radical que particip\u00f3 del encuentro puso en duda que los convocados den el presente. &#8220;Se cit\u00f3 a los senadores para discutir lo de los jueces pero de ah\u00ed a que vayan&#8230;&#8221;, desliz\u00f3.<\/p>\n","protected":false},"excerpt":{"rendered":"<p>Los radicales m\u00e1s dialoguistas perdieron el debate interno. Convocan a Vischi y De Loredo &nbsp; &nbsp; El Comit\u00e9 Nacional de la UCR resolvi\u00f3 la citaci\u00f3n del jefe de la bancada en el Senado, Eduardo Vischi, para definir el rechazo a los pliegos de Ariel Lijo y Manuel Garc\u00eda Mansilla, en un gesto de endurecimiento contra la designaci\u00f3n por decreto que instrument\u00f3 Javier Milei. Tambi\u00e9n convoc\u00f3 a una reuni\u00f3n a los presidentes de bloque en la C\u00e1mara Baja, Rodrigo De Loredo y Pablo Juliano, para que respalden la creaci\u00f3n de una&#8230;<\/p>\n","protected":false},"author":3,"featured_media":125889,"comment_status":"closed","ping_status":"closed","sticky":false,"template":"","format":"standard","meta":[],"categories":[18],"tags":[],"_links":{"self":[{"href":"https:\/\/www.actualidadadiario.com\/index.php\/wp-json\/wp\/v2\/posts\/125888"}],"collection":[{"href":"https:\/\/www.actualidadadiario.com\/index.php\/wp-json\/wp\/v2\/posts"}],"about":[{"href":"https:\/\/www.actualidadadiario.com\/index.php\/wp-json\/wp\/v2\/types\/post"}],"author":[{"embeddable":true,"href":"https:\/\/www.actualidadadiario.com\/index.php\/wp-json\/wp\/v2\/users\/3"}],"replies":[{"embeddable":true,"href":"https:\/\/www.actualidadadiario.com\/index.php\/wp-json\/wp\/v2\/comments?post=125888"}],"version-history":[{"count":1,"href":"https:\/\/www.actualidadadiario.com\/index.php\/wp-json\/wp\/v2\/posts\/125888\/revisions"}],"predecessor-version":[{"id":125890,"href":"https:\/\/www.actualidadadiario.com\/index.php\/wp-json\/wp\/v2\/posts\/125888\/revisions\/125890"}],"wp:featuredmedia":[{"embeddable":true,"href":"https:\/\/www.actualidadadiario.com\/index.php\/wp-json\/wp\/v2\/media\/125889"}],"wp:attachment":[{"href":"https:\/\/www.actualidadadiario.com\/index.php\/wp-json\/wp\/v2\/media?parent=125888"}],"wp:term":[{"taxonomy":"category","embeddable":true,"href":"https:\/\/www.actualidadadiario.com\/index.php\/wp-json\/wp\/v2\/categories?post=125888"},{"taxonomy":"post_tag","embeddable":true,"href":"https:\/\/www.actualidadadiario.com\/index.php\/wp-json\/wp\/v2\/tags?post=125888"}],"curies":[{"name":"wp","href":"https:\/\/api.w.org\/{rel}","templated":true}]}}