{"id":125884,"date":"2025-03-12T14:20:41","date_gmt":"2025-03-12T17:20:41","guid":{"rendered":"https:\/\/www.actualidadadiario.com\/?p=125884"},"modified":"2025-03-12T14:20:41","modified_gmt":"2025-03-12T17:20:41","slug":"naciones-unidas-expreso-su-preocupacion-por-el-nombramiento-via-decreto-de-jueces-de-la-corte","status":"publish","type":"post","link":"https:\/\/www.actualidadadiario.com\/index.php\/2025\/03\/12\/naciones-unidas-expreso-su-preocupacion-por-el-nombramiento-via-decreto-de-jueces-de-la-corte\/","title":{"rendered":"Naciones Unidas expres\u00f3 su preocupaci\u00f3n por el nombramiento v\u00eda decreto de jueces de la Corte"},"content":{"rendered":"<p style=\"text-align: center;\"><em><strong>La relatora especial del organismo sobre la Independencia de Magistrados y Abogados, Margaret Satterthwaite, se\u00f1al\u00f3 que la modalidad elegida por el Gobierno &#8220;erosiona la transparencia&#8221; y atenta contra &#8220;la independencia judicial&#8221; que implica &#8220;una regresi\u00f3n en relaci\u00f3n a la norma de igualdad de g\u00e9nero&#8221;<\/strong><\/em><\/p>\n<p>&nbsp;<\/p>\n<p>&nbsp;<\/p>\n<p>Previo a que la Comisi\u00f3n de Acuerdos trate el pliego del juez Manuel Garc\u00eda Mansilla, designado v\u00eda decreto por el Gobierno para integrar el tribunal, la relatora especial de las Naciones Unidas sobre la Independencia de Magistrados y Abogados, Margaret Satterthwaite, cuestion\u00f3 lo modalidad de elecci\u00f3n al asegurar que &#8220;erosiona la transparencia&#8221; y atenta contra &#8220;la independencia judicial&#8221; que implica &#8220;una regresi\u00f3n en relaci\u00f3n a la norma de igualdad de g\u00e9nero&#8221;.<\/p>\n<p>&#8220;El nombramiento judicial a trav\u00e9s de un decreto presidencial sienta un precedente peligroso al politizar las designaciones, erosionar la transparencia y limitar las v\u00edas de escrutinio y contestaci\u00f3n p\u00fablica. Al ignorar los procesos de nombramiento judicial establecidos en la Constituci\u00f3n y aclarados en la legislaci\u00f3n, el Ejecutivo est\u00e1 evadiendo los controles y equilibrios legalmente establecidos&#8221;, se\u00f1al\u00f3 Satterthwaite en su cuenta de X.<\/p>\n<p>Luego advirti\u00f3 que el M\u00e1ximo Tribunal no tendr\u00e1 juezas entre sus integrantes: &#8220;Este retroceso para el pa\u00eds podr\u00eda constituir una violaci\u00f3n del principio de no regresi\u00f3n en relaci\u00f3n con las normas de igualdad de g\u00e9nero&#8221;, advirti\u00f3.<\/p>\n<p>En el mismo sentido, la funcionaria de Naciones Unidas exigi\u00f3 que &#8220;Argentina debe cumplir con sus obligaciones internacionales en materia de derechos humanos, garantizar la independencia del poder judicial y respetar el estado de derecho&#8221; y acus\u00f3 al Gobierno de Javier Milei de &#8220;ignorar los procesos de nombramiento judicial establecidos en la Constituci\u00f3n y aclarados en la legislaci\u00f3n&#8221;.<\/p>\n<p>&nbsp;<\/p>\n<p><strong>La designaci\u00f3n por decreto<\/strong><\/p>\n<p>El 26 de febrero el Ejecutivo public\u00f3 el decreto 137\/2025 que oficializ\u00f3 la designaci\u00f3n de los jueces en comisi\u00f3n para integrar el M\u00e1ximo Tribunal. Dos d\u00edas despu\u00e9s, Horacio Rosatti, presidente de la Corte Suprema, le tom\u00f3 juramento a Manuel Garc\u00eda Mansilla en una ceremonia con total hermetismo llevada a cabo en el cuarto piso del Palacio de Tribunales.<\/p>\n<p>Por su parte, el 6 de marzo, la propia Corte Suprema rechaz\u00f3 la licencia de Ariel Lijo por mayor\u00eda simple. En una inesperada decisi\u00f3n, los supremos Horacio Rosatti, Carlos Rosenkrantz y Manuel Garc\u00eda Mansilla consideraron que Lijo deber\u00e1 renunciar a su cargo como titular del Juzgado Criminal y Correccional Federal n\u00ba 4 si pretende asumir en la Corte. Solo Ricardo Lorenzetti se pronunci\u00f3 a favor de tomarle juramento al magistrado bajo licencia.<\/p>\n<p>De esta manera, Lijo queda frente a una encrucijada luego de la decisi\u00f3n del m\u00e1ximo tribunal: puede quedarse como juez federal y rechazar la posibilidad de llegar a la Corte Suprema o bien puede renunciar a su cargo como juez para sumarse como el quinto integrante del tribunal.<\/p>\n","protected":false},"excerpt":{"rendered":"<p>La relatora especial del organismo sobre la Independencia de Magistrados y Abogados, Margaret Satterthwaite, se\u00f1al\u00f3 que la modalidad elegida por el Gobierno &#8220;erosiona la transparencia&#8221; y atenta contra &#8220;la independencia judicial&#8221; que implica &#8220;una regresi\u00f3n en relaci\u00f3n a la norma de igualdad de g\u00e9nero&#8221; &nbsp; &nbsp; Previo a que la Comisi\u00f3n de Acuerdos trate el pliego del juez Manuel Garc\u00eda Mansilla, designado v\u00eda decreto por el Gobierno para integrar el tribunal, la relatora especial de las Naciones Unidas sobre la Independencia de Magistrados y Abogados, Margaret Satterthwaite, cuestion\u00f3 lo modalidad&#8230;<\/p>\n","protected":false},"author":3,"featured_media":125750,"comment_status":"closed","ping_status":"closed","sticky":false,"template":"","format":"standard","meta":[],"categories":[9],"tags":[],"_links":{"self":[{"href":"https:\/\/www.actualidadadiario.com\/index.php\/wp-json\/wp\/v2\/posts\/125884"}],"collection":[{"href":"https:\/\/www.actualidadadiario.com\/index.php\/wp-json\/wp\/v2\/posts"}],"about":[{"href":"https:\/\/www.actualidadadiario.com\/index.php\/wp-json\/wp\/v2\/types\/post"}],"author":[{"embeddable":true,"href":"https:\/\/www.actualidadadiario.com\/index.php\/wp-json\/wp\/v2\/users\/3"}],"replies":[{"embeddable":true,"href":"https:\/\/www.actualidadadiario.com\/index.php\/wp-json\/wp\/v2\/comments?post=125884"}],"version-history":[{"count":1,"href":"https:\/\/www.actualidadadiario.com\/index.php\/wp-json\/wp\/v2\/posts\/125884\/revisions"}],"predecessor-version":[{"id":125885,"href":"https:\/\/www.actualidadadiario.com\/index.php\/wp-json\/wp\/v2\/posts\/125884\/revisions\/125885"}],"wp:featuredmedia":[{"embeddable":true,"href":"https:\/\/www.actualidadadiario.com\/index.php\/wp-json\/wp\/v2\/media\/125750"}],"wp:attachment":[{"href":"https:\/\/www.actualidadadiario.com\/index.php\/wp-json\/wp\/v2\/media?parent=125884"}],"wp:term":[{"taxonomy":"category","embeddable":true,"href":"https:\/\/www.actualidadadiario.com\/index.php\/wp-json\/wp\/v2\/categories?post=125884"},{"taxonomy":"post_tag","embeddable":true,"href":"https:\/\/www.actualidadadiario.com\/index.php\/wp-json\/wp\/v2\/tags?post=125884"}],"curies":[{"name":"wp","href":"https:\/\/api.w.org\/{rel}","templated":true}]}}