{"id":125882,"date":"2025-03-13T11:39:22","date_gmt":"2025-03-13T14:39:22","guid":{"rendered":"https:\/\/www.actualidadadiario.com\/?p=125882"},"modified":"2025-03-13T12:00:49","modified_gmt":"2025-03-13T15:00:49","slug":"a-la-espera-del-dato-de-inflacion-de-febrero-advierten-por-tres-rubros-con-aumentos-en-marzo","status":"publish","type":"post","link":"https:\/\/www.actualidadadiario.com\/index.php\/2025\/03\/13\/a-la-espera-del-dato-de-inflacion-de-febrero-advierten-por-tres-rubros-con-aumentos-en-marzo\/","title":{"rendered":"A la espera del dato de inflaci\u00f3n de febrero, advierten por tres rubros con aumentos en marzo"},"content":{"rendered":"<p style=\"text-align: center;\"><em><strong>El dato oficial de INDEC \u00a0se dar\u00e1 a conocer el viernes, las consultoras econ\u00f3micas brindan su primera revisi\u00f3n de lo que pas\u00f3 en la primera semana de marzo<\/strong><\/em><\/p>\n<p>&nbsp;<\/p>\n<p>&nbsp;<\/p>\n<p>A la espera de la cifra oficial de inflaci\u00f3n de febrero que el INDEC divulgar\u00e1 este viernes, un informe de la consultora EcoGo revel\u00f3 qu\u00e9 ocurri\u00f3 en la primera semana de marzo.<\/p>\n<p>El mes comenz\u00f3 con incrementos m\u00e1s moderados y algunas correcciones en los precios. El pollo lider\u00f3 los aumentos, con una suba del 2,5%, destac\u00e1ndose los semipreparados, que aumentaron un 4,7%. En contraste, la carne vacuna experiment\u00f3 una leve ca\u00edda del 0,1%, impulsada por la baja en los cortes traseros (-0,5%), aunque los cortes delanteros subieron un 0,1%. Adem\u00e1s, el cerdo registr\u00f3 una disminuci\u00f3n del 0,8% en comparaci\u00f3n con la semana anterior.<\/p>\n<p>El sector de las verduras tambi\u00e9n present\u00f3 un aumento del 2,1%, impulsado por el crecimiento de otras frutas frescas y congeladas (3%) y la papa (0,5%). En cambio, las frutas cayeron un 3,2%, destac\u00e1ndose la baja en el precio de la manzana (-2,5%) y otras frutas (-6,9%), lo que super\u00f3 el incremento en los c\u00edtricos (0,5%).<\/p>\n<p>Por su parte, el sector de bebidas registr\u00f3 una suba del 0,7%, impulsada principalmente por el aumento en las bebidas gaseosas (1,4%), agua envasada (1%) y jugos\/refrescos (0,9%). En t\u00e9rminos anuales, las bebidas subieron un 66,1%.<\/p>\n<p>&nbsp;<\/p>\n<p><strong>Proyecci\u00f3n de inflaci\u00f3n para marzo<\/strong><\/p>\n<p>&#8220;La primera semana de marzo registr\u00f3 un aumento del 0,3%, marcando una fuerte reducci\u00f3n en comparaci\u00f3n con las semanas anteriores, al no contar con el impacto de los aumentos de la carne. Con este dato y considerando una suba proyectada de 0,5% para las pr\u00f3ximas semanas, se espera que la inflaci\u00f3n de los alimentos consumidos dentro del hogar sea del 2,4% en marzo. Si incorporamos los aumentos en los alimentos fuera del hogar (2,8%), el indicador se mantiene en 2,4%&#8221;, expres\u00f3 la consultora liderada por Marina Dal Poggetto.<\/p>\n<p>Los analistas estiman que la inflaci\u00f3n mensual de marzo podr\u00eda ubicarse en un 2,3%, aunque aclaran que este dato es preliminar. Entre los factores que m\u00e1s pueden influir este mes se destacan los aumentos en colegios privados (6%), prepagas (2,5%) y el transporte colectivo en el \u00c1rea Metropolitana de Buenos Aires (10%), que impulsaron la inflaci\u00f3n al alza.<\/p>\n<p>&nbsp;<\/p>\n<p><strong>Productos con mayores subas de precios en la primera semana de marzo<\/strong><\/p>\n<p>Seg\u00fan el informe de EcoGo, los productos que registraron las mayores subas en la primera semana de marzo fueron el pollo, verduras frescas y congeladas, bebidas gaseosas y agua envasada.<\/p>\n","protected":false},"excerpt":{"rendered":"<p>El dato oficial de INDEC \u00a0se dar\u00e1 a conocer el viernes, las consultoras econ\u00f3micas brindan su primera revisi\u00f3n de lo que pas\u00f3 en la primera semana de marzo &nbsp; &nbsp; A la espera de la cifra oficial de inflaci\u00f3n de febrero que el INDEC divulgar\u00e1 este viernes, un informe de la consultora EcoGo revel\u00f3 qu\u00e9 ocurri\u00f3 en la primera semana de marzo. El mes comenz\u00f3 con incrementos m\u00e1s moderados y algunas correcciones en los precios. El pollo lider\u00f3 los aumentos, con una suba del 2,5%, destac\u00e1ndose los semipreparados, que aumentaron&#8230;<\/p>\n","protected":false},"author":3,"featured_media":89353,"comment_status":"closed","ping_status":"closed","sticky":false,"template":"","format":"standard","meta":[],"categories":[2],"tags":[],"_links":{"self":[{"href":"https:\/\/www.actualidadadiario.com\/index.php\/wp-json\/wp\/v2\/posts\/125882"}],"collection":[{"href":"https:\/\/www.actualidadadiario.com\/index.php\/wp-json\/wp\/v2\/posts"}],"about":[{"href":"https:\/\/www.actualidadadiario.com\/index.php\/wp-json\/wp\/v2\/types\/post"}],"author":[{"embeddable":true,"href":"https:\/\/www.actualidadadiario.com\/index.php\/wp-json\/wp\/v2\/users\/3"}],"replies":[{"embeddable":true,"href":"https:\/\/www.actualidadadiario.com\/index.php\/wp-json\/wp\/v2\/comments?post=125882"}],"version-history":[{"count":1,"href":"https:\/\/www.actualidadadiario.com\/index.php\/wp-json\/wp\/v2\/posts\/125882\/revisions"}],"predecessor-version":[{"id":125883,"href":"https:\/\/www.actualidadadiario.com\/index.php\/wp-json\/wp\/v2\/posts\/125882\/revisions\/125883"}],"wp:featuredmedia":[{"embeddable":true,"href":"https:\/\/www.actualidadadiario.com\/index.php\/wp-json\/wp\/v2\/media\/89353"}],"wp:attachment":[{"href":"https:\/\/www.actualidadadiario.com\/index.php\/wp-json\/wp\/v2\/media?parent=125882"}],"wp:term":[{"taxonomy":"category","embeddable":true,"href":"https:\/\/www.actualidadadiario.com\/index.php\/wp-json\/wp\/v2\/categories?post=125882"},{"taxonomy":"post_tag","embeddable":true,"href":"https:\/\/www.actualidadadiario.com\/index.php\/wp-json\/wp\/v2\/tags?post=125882"}],"curies":[{"name":"wp","href":"https:\/\/api.w.org\/{rel}","templated":true}]}}