{"id":125880,"date":"2025-03-12T11:38:09","date_gmt":"2025-03-12T14:38:09","guid":{"rendered":"https:\/\/www.actualidadadiario.com\/?p=125880"},"modified":"2025-03-12T11:38:09","modified_gmt":"2025-03-12T14:38:09","slug":"alerta-meteorologica-en-12-provincias-lluvias-y-rafagas-fuertes-impactaran-en-distintas-regiones-del-pais","status":"publish","type":"post","link":"https:\/\/www.actualidadadiario.com\/index.php\/2025\/03\/12\/alerta-meteorologica-en-12-provincias-lluvias-y-rafagas-fuertes-impactaran-en-distintas-regiones-del-pais\/","title":{"rendered":"Alerta meteorol\u00f3gica en 12 provincias: lluvias y r\u00e1fagas fuertes impactar\u00e1n en distintas regiones del pa\u00eds"},"content":{"rendered":"<p style=\"text-align: center;\"><em><strong>El Servicio Meteorol\u00f3gico Nacional (SMN) inform\u00f3 que habr\u00e1 \u201cmal tiempo\u201d en varias provincias y habr\u00e1 ca\u00edda de lluvia en cortos periodos<\/strong><\/em><\/p>\n<p>&nbsp;<\/p>\n<p>&nbsp;<\/p>\n<p>El Servicio Meteorol\u00f3gico Nacional (SMN) pronostic\u00f3 un alerta amarilla por tormentas y lluvias en 12 provincias para este mi\u00e9rcoles 12 de marzo. Las lluvias vendr\u00e1n con abundante ca\u00edda de agua en cortos per\u00edodos, generando granizo, y r\u00e1fagas que pueden superar los 60 km\/h.<\/p>\n<p>&nbsp;<\/p>\n<p><strong>\u00bfCu\u00e1les son las provincias afectadas por lluvias y tormentas?<\/strong><\/p>\n<p>Las provincias que tendr\u00e1n lluvias y tormentas son las siguientes:<\/p>\n<ul>\n<li>Centro y sur de Misiones (para la tarde);<\/li>\n<li>Formosa (por la tarde);<\/li>\n<li>Norte de Chaco (por la tarde);<\/li>\n<li>Salta, excepto la zona cordillerana (desde la tarde hasta la noche);<\/li>\n<li>Jujuy, excepto la zona cordillerana (por la tarde y la noche);<\/li>\n<li>Extremo noroeste de Tucum\u00e1n (por la madrugada);<\/li>\n<li>Norte de Catamarca, excepto la zona cordillerana (por la noche);<\/li>\n<li>Zona cordillerana de La Rioja (por la noche);<\/li>\n<li>Norte de la cordillera de San Juan (por la noche).<\/li>\n<li>Centro de C\u00f3rdoba (por la ma\u00f1ana);<\/li>\n<li>Centro de Santa Fe (por la ma\u00f1ana);<\/li>\n<li>Centro-oeste de Entre R\u00edos (por la ma\u00f1ana).<\/li>\n<\/ul>\n<p>&nbsp;<\/p>\n<p><strong>\u00bfQu\u00e9 hacer en caso de lluvia intensas?<\/strong><\/p>\n<p>En caso de lluvias intensas, las personas deber\u00e1n tener en cuenta estas precauciones:<\/p>\n<ul>\n<li>No sacar la basura. Retir\u00e1 objetos que impidan que el agua escurra.<\/li>\n<li>Mantenerse alejado de zonas costeras y ribere\u00f1as.<\/li>\n<li>Desconect\u00e1 y al\u00e9jate de artefactos el\u00e9ctricos. Suspende el suministro el\u00e9ctrico si hay riesgo de que el agua ingrese en tu casa.<\/li>\n<li>No refugiarse debajo de postes o cables de electricidad.<\/li>\n<li>No realizar actividades al aire libre. B\u00fascate un lugar bajo techo.<\/li>\n<li>Evit\u00e1 circular por calles inundadas o calles afectadas.<\/li>\n<li>Ten\u00e9 siempre lista una mochila de emergencias con linterna, radio, documentos y tel\u00e9fono.<\/li>\n<li>Si hay riesgo de que el agua ingrese en las viviendas, cortar el suministro el\u00e9ctrico.<\/li>\n<li>Si viaj\u00e1s en auto, qu\u00e9date en el interior. Los autom\u00f3viles ofrecen una excelente protecci\u00f3n.<\/li>\n<li>Es importante conocer los lugares de evacuaci\u00f3n y sitios elevados.<\/li>\n<\/ul>\n","protected":false},"excerpt":{"rendered":"<p>El Servicio Meteorol\u00f3gico Nacional (SMN) inform\u00f3 que habr\u00e1 \u201cmal tiempo\u201d en varias provincias y habr\u00e1 ca\u00edda de lluvia en cortos periodos &nbsp; &nbsp; El Servicio Meteorol\u00f3gico Nacional (SMN) pronostic\u00f3 un alerta amarilla por tormentas y lluvias en 12 provincias para este mi\u00e9rcoles 12 de marzo. Las lluvias vendr\u00e1n con abundante ca\u00edda de agua en cortos per\u00edodos, generando granizo, y r\u00e1fagas que pueden superar los 60 km\/h. &nbsp; \u00bfCu\u00e1les son las provincias afectadas por lluvias y tormentas? Las provincias que tendr\u00e1n lluvias y tormentas son las siguientes: Centro y sur de&#8230;<\/p>\n","protected":false},"author":3,"featured_media":97969,"comment_status":"closed","ping_status":"closed","sticky":false,"template":"","format":"standard","meta":[],"categories":[2],"tags":[],"_links":{"self":[{"href":"https:\/\/www.actualidadadiario.com\/index.php\/wp-json\/wp\/v2\/posts\/125880"}],"collection":[{"href":"https:\/\/www.actualidadadiario.com\/index.php\/wp-json\/wp\/v2\/posts"}],"about":[{"href":"https:\/\/www.actualidadadiario.com\/index.php\/wp-json\/wp\/v2\/types\/post"}],"author":[{"embeddable":true,"href":"https:\/\/www.actualidadadiario.com\/index.php\/wp-json\/wp\/v2\/users\/3"}],"replies":[{"embeddable":true,"href":"https:\/\/www.actualidadadiario.com\/index.php\/wp-json\/wp\/v2\/comments?post=125880"}],"version-history":[{"count":1,"href":"https:\/\/www.actualidadadiario.com\/index.php\/wp-json\/wp\/v2\/posts\/125880\/revisions"}],"predecessor-version":[{"id":125881,"href":"https:\/\/www.actualidadadiario.com\/index.php\/wp-json\/wp\/v2\/posts\/125880\/revisions\/125881"}],"wp:featuredmedia":[{"embeddable":true,"href":"https:\/\/www.actualidadadiario.com\/index.php\/wp-json\/wp\/v2\/media\/97969"}],"wp:attachment":[{"href":"https:\/\/www.actualidadadiario.com\/index.php\/wp-json\/wp\/v2\/media?parent=125880"}],"wp:term":[{"taxonomy":"category","embeddable":true,"href":"https:\/\/www.actualidadadiario.com\/index.php\/wp-json\/wp\/v2\/categories?post=125880"},{"taxonomy":"post_tag","embeddable":true,"href":"https:\/\/www.actualidadadiario.com\/index.php\/wp-json\/wp\/v2\/tags?post=125880"}],"curies":[{"name":"wp","href":"https:\/\/api.w.org\/{rel}","templated":true}]}}