{"id":125864,"date":"2025-03-12T10:46:33","date_gmt":"2025-03-12T13:46:33","guid":{"rendered":"https:\/\/www.actualidadadiario.com\/?p=125864"},"modified":"2025-03-12T10:46:33","modified_gmt":"2025-03-12T13:46:33","slug":"continua-la-paritaria-entre-el-gobierno-provincial-y-los-gremios-estatales","status":"publish","type":"post","link":"https:\/\/www.actualidadadiario.com\/index.php\/2025\/03\/12\/continua-la-paritaria-entre-el-gobierno-provincial-y-los-gremios-estatales\/","title":{"rendered":"Contin\u00faa la paritaria entre el Gobierno provincial y los gremios estatales"},"content":{"rendered":"<p style=\"text-align: center;\"><em><strong>La segunda audiencia de las negociaciones 2025 se desarrollar\u00e1 en la Secretar\u00eda de Trabajo a partir de las 15. El viernes, en el primer encuentro, la Provincia present\u00f3 dos ejes b\u00e1sicos de la propuesta oficial: reconocer el IPC y cambiar la base de c\u00e1lculo durante el a\u00f1o. Los sindicatos la consideraron incompleta y plantearon sus demandas, que las autoridades acordaron evaluar<\/strong><\/em><\/p>\n<p>&nbsp;<\/p>\n<p>&nbsp;<\/p>\n<p>Autoridades del gobierno provincial y representantes de la Uni\u00f3n del Personal Civil de la Naci\u00f3n (UPCN) y Asociaci\u00f3n Trabajadores del Estado (ATE) volver\u00e1n a encontrarse este mi\u00e9rcoles a las 15 para continuar la discusi\u00f3n paritaria.<\/p>\n<p>El viernes, en la anterior audiencia, el Gobierno ofreci\u00f3 una base para discutir la pauta salarial, sin brindar mayores precisiones: reconocer el \u00edndice de inflaci\u00f3n, tal como lo viene haciendo, y actualizar la base de c\u00e1lculo, del mismo modo que lo acord\u00f3 con el sector docente.<\/p>\n<p>Los sindicatos calificaron como incompleto tal ofrecimiento. \u201cNo le llamar\u00eda propuesta al planteo que hizo el Gobierno. Me parece que es muy incompleta y que fue como una base para empezar el di\u00e1logo\u201d, sostuvo al respecto la secretaria adjunta de UPCN, Carina Dom\u00ednguez.<\/p>\n<p>Y a\u00f1adi\u00f3: \u201cNecesitamos m\u00e1s informaci\u00f3n para poder tomar decisiones, tiene que haber claridad en cuanto a lo que se difunde y lo que se resuelve\u201d.<\/p>\n<p>ATE, por su parte, reclam\u00f3 la elaboraci\u00f3n de una propuesta \u201cm\u00e1s completa y concreta\u201d. \u201cSi bien entendemos que es la primera propuesta, todav\u00eda est\u00e1 lejos de lo que necesitamos los trabajadores y trabajadoras\u201d, expres\u00f3 el secretario general de ATE Entre R\u00edos, Oscar Muntes.<\/p>\n<p>Adem\u00e1s, ambos gremios dieron a conocer sus propias pretensiones para la negociaci\u00f3n.<\/p>\n<p>Abelardo Del Prado, Jefe de Gabinete del Ministerio de Gobierno y Trabajo, explic\u00f3 que se evaluar\u00e1n las propuestas presentadas y continuar\u00e1n &#8220;trabajando para lograr una propuesta seria y responsable, que podamos cumplir y que permita estar mejor a nuestros trabajadores&#8221;.<\/p>\n<p>&nbsp;<\/p>\n<p><strong>La propuesta de ATE<\/strong><\/p>\n<p>En primera instancia, la entidad gremial solicita que los salarios est\u00e9n por encima de la inflaci\u00f3n mensual ya que consideran que los porcentajes arrojados por el Indec \u201cno refleja la realidad de la evoluci\u00f3n de las necesidades\u201d.<\/p>\n<p>Adem\u00e1s, se inst\u00f3 al tratamiento de cuestiones tales como: revisi\u00f3n y readecuaci\u00f3n del adicional abonado seg\u00fan C\u00f3digo 272; Actualizaci\u00f3n de montos de vi\u00e1ticos; Actualizaci\u00f3n de Asignaciones Familiares.<\/p>\n<p>Tambi\u00e9n la \u201cregularizaci\u00f3n en un esquema de incorporaci\u00f3n formal y permanente al salario, de las horas extraordinarias en aquellos organismos que las perciben y que, dado el largo tiempo en que se vienen abonando, en los hechos han pasado a formar parte del sueldo de los trabajadores y trabajadoras\u201d.<\/p>\n<p>Por otra parte, \u201cimpulsar ante la legislatura provincial la unificaci\u00f3n de la carga horaria en un total de 30 horas semanales para todo el Escalaf\u00f3n General\u201d.<\/p>\n<p>A su vez, \u201crevisi\u00f3n y adecuaci\u00f3n del valor horario Escalaf\u00f3n Enfermer\u00eda, el cual se encuentra en menos en relaci\u00f3n al Escalaf\u00f3n General\u201d, entre otros puntos.<\/p>\n<p>&nbsp;<\/p>\n<p><strong>Qu\u00e9 pide UPCN<\/strong><\/p>\n<p>El sindicato estatal mayoritario plante\u00f3, como eje central de la discusi\u00f3n, hablar de la diferenciaci\u00f3n de los cuatro escalafones que representa: general, enfermer\u00eda, agentes sanitarios y m\u00e9dico-asistencial.<\/p>\n<p>Propuso tambi\u00e9n trabajar en la correcci\u00f3n de c\u00f3digos distorsivos y en la elongaci\u00f3n escalafonaria. Y apunt\u00f3 a afianzar el concepto de carrera en el empleo p\u00fablico como premisa.<\/p>\n<p>\u201cUPCN hizo un planteo con una mirada un poco m\u00e1s a largo plazo, porque si no siempre estamos viendo qu\u00e9 porcentaje, y a veces ni siquiera tenemos el tiempo para evaluar c\u00f3mo impacta en cada trabajador\u201d, sostuvo Dom\u00ednguez.<\/p>\n","protected":false},"excerpt":{"rendered":"<p>La segunda audiencia de las negociaciones 2025 se desarrollar\u00e1 en la Secretar\u00eda de Trabajo a partir de las 15. El viernes, en el primer encuentro, la Provincia present\u00f3 dos ejes b\u00e1sicos de la propuesta oficial: reconocer el IPC y cambiar la base de c\u00e1lculo durante el a\u00f1o. Los sindicatos la consideraron incompleta y plantearon sus demandas, que las autoridades acordaron evaluar &nbsp; &nbsp; Autoridades del gobierno provincial y representantes de la Uni\u00f3n del Personal Civil de la Naci\u00f3n (UPCN) y Asociaci\u00f3n Trabajadores del Estado (ATE) volver\u00e1n a encontrarse este mi\u00e9rcoles&#8230;<\/p>\n","protected":false},"author":3,"featured_media":125740,"comment_status":"closed","ping_status":"closed","sticky":false,"template":"","format":"standard","meta":[],"categories":[15],"tags":[],"_links":{"self":[{"href":"https:\/\/www.actualidadadiario.com\/index.php\/wp-json\/wp\/v2\/posts\/125864"}],"collection":[{"href":"https:\/\/www.actualidadadiario.com\/index.php\/wp-json\/wp\/v2\/posts"}],"about":[{"href":"https:\/\/www.actualidadadiario.com\/index.php\/wp-json\/wp\/v2\/types\/post"}],"author":[{"embeddable":true,"href":"https:\/\/www.actualidadadiario.com\/index.php\/wp-json\/wp\/v2\/users\/3"}],"replies":[{"embeddable":true,"href":"https:\/\/www.actualidadadiario.com\/index.php\/wp-json\/wp\/v2\/comments?post=125864"}],"version-history":[{"count":1,"href":"https:\/\/www.actualidadadiario.com\/index.php\/wp-json\/wp\/v2\/posts\/125864\/revisions"}],"predecessor-version":[{"id":125865,"href":"https:\/\/www.actualidadadiario.com\/index.php\/wp-json\/wp\/v2\/posts\/125864\/revisions\/125865"}],"wp:featuredmedia":[{"embeddable":true,"href":"https:\/\/www.actualidadadiario.com\/index.php\/wp-json\/wp\/v2\/media\/125740"}],"wp:attachment":[{"href":"https:\/\/www.actualidadadiario.com\/index.php\/wp-json\/wp\/v2\/media?parent=125864"}],"wp:term":[{"taxonomy":"category","embeddable":true,"href":"https:\/\/www.actualidadadiario.com\/index.php\/wp-json\/wp\/v2\/categories?post=125864"},{"taxonomy":"post_tag","embeddable":true,"href":"https:\/\/www.actualidadadiario.com\/index.php\/wp-json\/wp\/v2\/tags?post=125864"}],"curies":[{"name":"wp","href":"https:\/\/api.w.org\/{rel}","templated":true}]}}