{"id":125862,"date":"2025-03-12T10:45:52","date_gmt":"2025-03-12T13:45:52","guid":{"rendered":"https:\/\/www.actualidadadiario.com\/?p=125862"},"modified":"2025-03-12T10:45:52","modified_gmt":"2025-03-12T13:45:52","slug":"llueve-en-entre-rios-rige-un-alerta-en-cinco-departamentos","status":"publish","type":"post","link":"https:\/\/www.actualidadadiario.com\/index.php\/2025\/03\/12\/llueve-en-entre-rios-rige-un-alerta-en-cinco-departamentos\/","title":{"rendered":"Llueve en Entre R\u00edos: rige un alerta en cinco departamentos"},"content":{"rendered":"<p style=\"text-align: center;\"><em><strong>Las lluvias comenzaron este mi\u00e9rcoles de madrugada y se extender\u00e1n durante toda la jornada. Hay cinco departamentos con alerta<\/strong><\/em><\/p>\n<p>&nbsp;<\/p>\n<p>&nbsp;<\/p>\n<p>El mi\u00e9rcoles se presenta lluvioso en Entre R\u00edos. Las precipitaciones comenzaron durante la madrugada y que se extiendan hasta las primeras horas de este jueves. Luego mejorar\u00e1n las condiciones del tiempo.<\/p>\n<p>Seg\u00fan el Servicio Meteorol\u00f3gico Nacional -SMN-, las lluvias m\u00e1s fuertes se producen en horas de la ma\u00f1ana de hoy. Luego, hacia la tarde y la noche est\u00e1 previsto que vayan perdiendo intensidad. Estar\u00e1 fresco todo el d\u00eda.<\/p>\n<p>En ese sentido, se inform\u00f3 que rige un alerta amarillo por lluvias fuertes durante la ma\u00f1ana de este mi\u00e9rcoles. Incluye a cinco departamentos de la provincia: Paran\u00e1, La Paz, Diamante, Nogoy\u00e1 y Villaguay.<\/p>\n<p>El \u00e1rea ser\u00e1 afectada por lluvias de moderada a localmente fuerte intensidad, pudiendo estar acompa\u00f1adas por tormentas aisladas. Se estiman valores de precipitaci\u00f3n acumulada entre 20 y 40 mil\u00edmetros, pudiendo ser superados en forma puntual.<\/p>\n<p>En cuanto a las temperaturas, para hoy se indican m\u00ednimas de entre 15 y 18 grados, mientras que las m\u00e1ximas esperadas para la tarde podr\u00edan ubicarse entre los 19 y 23 grados. Ello depender\u00e1 de la zona en la provincia.<\/p>\n","protected":false},"excerpt":{"rendered":"<p>Las lluvias comenzaron este mi\u00e9rcoles de madrugada y se extender\u00e1n durante toda la jornada. Hay cinco departamentos con alerta &nbsp; &nbsp; El mi\u00e9rcoles se presenta lluvioso en Entre R\u00edos. Las precipitaciones comenzaron durante la madrugada y que se extiendan hasta las primeras horas de este jueves. Luego mejorar\u00e1n las condiciones del tiempo. Seg\u00fan el Servicio Meteorol\u00f3gico Nacional -SMN-, las lluvias m\u00e1s fuertes se producen en horas de la ma\u00f1ana de hoy. Luego, hacia la tarde y la noche est\u00e1 previsto que vayan perdiendo intensidad. Estar\u00e1 fresco todo el d\u00eda. En&#8230;<\/p>\n","protected":false},"author":3,"featured_media":61705,"comment_status":"closed","ping_status":"closed","sticky":false,"template":"","format":"standard","meta":[],"categories":[15],"tags":[],"_links":{"self":[{"href":"https:\/\/www.actualidadadiario.com\/index.php\/wp-json\/wp\/v2\/posts\/125862"}],"collection":[{"href":"https:\/\/www.actualidadadiario.com\/index.php\/wp-json\/wp\/v2\/posts"}],"about":[{"href":"https:\/\/www.actualidadadiario.com\/index.php\/wp-json\/wp\/v2\/types\/post"}],"author":[{"embeddable":true,"href":"https:\/\/www.actualidadadiario.com\/index.php\/wp-json\/wp\/v2\/users\/3"}],"replies":[{"embeddable":true,"href":"https:\/\/www.actualidadadiario.com\/index.php\/wp-json\/wp\/v2\/comments?post=125862"}],"version-history":[{"count":1,"href":"https:\/\/www.actualidadadiario.com\/index.php\/wp-json\/wp\/v2\/posts\/125862\/revisions"}],"predecessor-version":[{"id":125863,"href":"https:\/\/www.actualidadadiario.com\/index.php\/wp-json\/wp\/v2\/posts\/125862\/revisions\/125863"}],"wp:featuredmedia":[{"embeddable":true,"href":"https:\/\/www.actualidadadiario.com\/index.php\/wp-json\/wp\/v2\/media\/61705"}],"wp:attachment":[{"href":"https:\/\/www.actualidadadiario.com\/index.php\/wp-json\/wp\/v2\/media?parent=125862"}],"wp:term":[{"taxonomy":"category","embeddable":true,"href":"https:\/\/www.actualidadadiario.com\/index.php\/wp-json\/wp\/v2\/categories?post=125862"},{"taxonomy":"post_tag","embeddable":true,"href":"https:\/\/www.actualidadadiario.com\/index.php\/wp-json\/wp\/v2\/tags?post=125862"}],"curies":[{"name":"wp","href":"https:\/\/api.w.org\/{rel}","templated":true}]}}