{"id":125860,"date":"2025-03-12T10:45:11","date_gmt":"2025-03-12T13:45:11","guid":{"rendered":"https:\/\/www.actualidadadiario.com\/?p=125860"},"modified":"2025-03-12T10:45:11","modified_gmt":"2025-03-12T13:45:11","slug":"entre-rios-respalda-la-solicitud-de-relocalizacion-de-la-planta-de-hif-global","status":"publish","type":"post","link":"https:\/\/www.actualidadadiario.com\/index.php\/2025\/03\/12\/entre-rios-respalda-la-solicitud-de-relocalizacion-de-la-planta-de-hif-global\/","title":{"rendered":"Entre R\u00edos respalda la solicitud de relocalizaci\u00f3n de la planta de HIF Global"},"content":{"rendered":"<p style=\"text-align: center;\"><em><strong>El gobernador de Entre R\u00edos, Rogelio Frigerio, expres\u00f3 su apoyo a la petici\u00f3n de los intendentes y presidentes comunales de la Mancomunidad Tierra de Palmares, quienes solicitan la relocalizaci\u00f3n del proyecto de instalaci\u00f3n de una planta de producci\u00f3n de hidr\u00f3geno verde y combustibles sint\u00e9ticos por parte de la empresa HIF Global en Paysand\u00fa, Uruguay<\/strong><\/em><\/p>\n<p>&nbsp;<\/p>\n<p>&nbsp;<\/p>\n<p>La preocupaci\u00f3n de las autoridades locales radica en los posibles impactos negativos que dicha planta podr\u00eda tener en el turismo y el ambiente de la regi\u00f3n. En una declaraci\u00f3n conjunta, los mandatarios de las localidades que integran la Mancomunidad, algunas pertenecientes a los departamentos de Col\u00f3n y San Salvador, solicitaron un\u00e1nimemente que la planta sea reubicada en un \u00e1rea que no genere estos perjuicios. Argumentan que la instalaci\u00f3n afectar\u00e1 directamente al turismo, principal actividad econ\u00f3mica de la zona, debido a la contaminaci\u00f3n visual y al impacto en el ecosistema por las emisiones de contaminantes.<\/p>\n<p>Aunque reconocen la soberan\u00eda de Uruguay y los l\u00edmites jurisdiccionales, la proximidad f\u00edsica de la planta con la regi\u00f3n entrerriana la sit\u00faa en una zona de posible impacto. Por ello, consideran que tanto los inversores como el gobierno uruguayo deber\u00edan tener en cuenta estas preocupaciones al evaluar la ubicaci\u00f3n del proyecto.<\/p>\n<p>En respuesta a esta solicitud, el gobernador Frigerio instruy\u00f3 a las \u00e1reas correspondientes a iniciar las gestiones necesarias para activar el mecanismo de consulta previsto por el Estatuto del R\u00edo Uruguay, en el marco de la Comisi\u00f3n Administradora del R\u00edo Uruguay. El objetivo es garantizar que la poblaci\u00f3n potencialmente afectada por la instalaci\u00f3n de este u otros proyectos a la vera del r\u00edo Uruguay cuente con la informaci\u00f3n ambiental necesaria y sea tenida en cuenta, con el fin de crear condiciones para un desarrollo econ\u00f3mico, social y ambiental consensuado y armonioso.<\/p>\n<p>La experiencia y la legislaci\u00f3n vigente en materia ambiental hacen imprescindible que los gobiernos escuchen a las poblaciones ribere\u00f1as, conforme al ejercicio de sus derechos ciudadanos a un medio ambiente sano, lo que implica la necesaria protecci\u00f3n de los recursos naturales.<\/p>\n<p>El Gobierno de Entre R\u00edos reafirma su compromiso con el bienestar de sus comunidades y la preservaci\u00f3n del entorno natural, promoviendo un desarrollo sostenible que contemple las necesidades y aspiraciones de todos los habitantes de la regi\u00f3n.<\/p>\n","protected":false},"excerpt":{"rendered":"<p>El gobernador de Entre R\u00edos, Rogelio Frigerio, expres\u00f3 su apoyo a la petici\u00f3n de los intendentes y presidentes comunales de la Mancomunidad Tierra de Palmares, quienes solicitan la relocalizaci\u00f3n del proyecto de instalaci\u00f3n de una planta de producci\u00f3n de hidr\u00f3geno verde y combustibles sint\u00e9ticos por parte de la empresa HIF Global en Paysand\u00fa, Uruguay &nbsp; &nbsp; La preocupaci\u00f3n de las autoridades locales radica en los posibles impactos negativos que dicha planta podr\u00eda tener en el turismo y el ambiente de la regi\u00f3n. En una declaraci\u00f3n conjunta, los mandatarios de las&#8230;<\/p>\n","protected":false},"author":3,"featured_media":125851,"comment_status":"closed","ping_status":"closed","sticky":false,"template":"","format":"standard","meta":[],"categories":[15],"tags":[],"_links":{"self":[{"href":"https:\/\/www.actualidadadiario.com\/index.php\/wp-json\/wp\/v2\/posts\/125860"}],"collection":[{"href":"https:\/\/www.actualidadadiario.com\/index.php\/wp-json\/wp\/v2\/posts"}],"about":[{"href":"https:\/\/www.actualidadadiario.com\/index.php\/wp-json\/wp\/v2\/types\/post"}],"author":[{"embeddable":true,"href":"https:\/\/www.actualidadadiario.com\/index.php\/wp-json\/wp\/v2\/users\/3"}],"replies":[{"embeddable":true,"href":"https:\/\/www.actualidadadiario.com\/index.php\/wp-json\/wp\/v2\/comments?post=125860"}],"version-history":[{"count":1,"href":"https:\/\/www.actualidadadiario.com\/index.php\/wp-json\/wp\/v2\/posts\/125860\/revisions"}],"predecessor-version":[{"id":125861,"href":"https:\/\/www.actualidadadiario.com\/index.php\/wp-json\/wp\/v2\/posts\/125860\/revisions\/125861"}],"wp:featuredmedia":[{"embeddable":true,"href":"https:\/\/www.actualidadadiario.com\/index.php\/wp-json\/wp\/v2\/media\/125851"}],"wp:attachment":[{"href":"https:\/\/www.actualidadadiario.com\/index.php\/wp-json\/wp\/v2\/media?parent=125860"}],"wp:term":[{"taxonomy":"category","embeddable":true,"href":"https:\/\/www.actualidadadiario.com\/index.php\/wp-json\/wp\/v2\/categories?post=125860"},{"taxonomy":"post_tag","embeddable":true,"href":"https:\/\/www.actualidadadiario.com\/index.php\/wp-json\/wp\/v2\/tags?post=125860"}],"curies":[{"name":"wp","href":"https:\/\/api.w.org\/{rel}","templated":true}]}}