{"id":125856,"date":"2025-03-12T10:43:53","date_gmt":"2025-03-12T13:43:53","guid":{"rendered":"https:\/\/www.actualidadadiario.com\/?p=125856"},"modified":"2025-03-12T10:43:53","modified_gmt":"2025-03-12T13:43:53","slug":"silvina-decco-asume-la-banca-que-stefania-cora-dejo-en-la-camara-de-diputados","status":"publish","type":"post","link":"https:\/\/www.actualidadadiario.com\/index.php\/2025\/03\/12\/silvina-decco-asume-la-banca-que-stefania-cora-dejo-en-la-camara-de-diputados\/","title":{"rendered":"Silvina Decc\u00f3 asume la banca que Stefan\u00eda Cora dej\u00f3 en la C\u00e1mara de Diputados"},"content":{"rendered":"<p style=\"text-align: center;\"><em><strong>La expulsi\u00f3n del ex senador nacional por Entre R\u00edos, Edgardo Kueider, investigado por la Justicia paraguaya por haber intentado ingresar con una millonaria suma en d\u00f3lares, pesos argentinos y guaran\u00edes, gener\u00f3 que la banca sea ocupada por la diputada provincial, Stefan\u00eda Cora, que decidi\u00f3 mudarse al Congreso de la Naci\u00f3n. En su lugar asumir\u00e1 la abogada y dirigente del peronismo de Diamante, Silvina Decc\u00f3<\/strong><\/em><\/p>\n<p>&nbsp;<\/p>\n<p>&nbsp;<\/p>\n<p>La abogada y dirigente del Partido Justicialista de Diamante, Silvina Decc\u00f3, de 40 a\u00f1os, finalmente asumir\u00e1 una banca en la C\u00e1mara de Diputados de la provincia en un acto que se realizar\u00e1 el mi\u00e9rcoles 12 de marzo a las 11 en el recinto de la C\u00e1mara Baja.<\/p>\n<p>All\u00ed, tras tom\u00e1rsele juramento, la nueva legisladora asumir\u00e1 en la banca que ocupaba la diputada Stefan\u00eda Cora, que decidi\u00f3 mudarse a la C\u00e1mara de Senadores de la Naci\u00f3n, tras la expulsi\u00f3n del senador nacional por Entre R\u00edos, Edgardo Kueider, que fue expulsado del cargo tras el esc\u00e1ndalo que lo involucr\u00f3 junto a su secretaria, Iara Guinsel Costa, cuando pretendieron ingresar a Paraguay con una millonaria suma de dinero en pesos, d\u00f3lares y guaran\u00edes, de la que no pudieron acreditar fehacientemente su procedencia.<\/p>\n<p>Decc\u00f3 precis\u00f3 que habl\u00f3 con la presidenta del bloque, Laura Stratta, quien le coment\u00f3 sobre c\u00f3mo es el trabajo del bloque peronista, y tambi\u00e9n le inform\u00f3 sobre las comisiones que integraba Cora.<\/p>\n<p>&#8220;Son comisiones que me interesan todas en su mayor\u00eda. Yo le manifestaba a Laura mi compromiso total con el bloque, y desde ya contribuir en otras comisiones que sean importantes, y poder aportar desde lo que uno conoce como es el punto de vista legal&#8221;.<\/p>\n<p>Consultada sobre c\u00f3mo imagina el trabajo en el bloque, Decc\u00f3 se\u00f1al\u00f3: &#8220;Es importante saber, de que en un bloque puede haber disidencias en alg\u00fan momento. Eso lo tengo m\u00e1s que claro. En lo particular ya me han tocado experiencias legislativas en dos concejos deliberantes puntualmente en mi ciudad (Diamante). El trabajo en comisiones, lo que es la sanci\u00f3n y promulgaci\u00f3n de ordenanzas, uno lo tiene experimentado. En la C\u00e1mara, obviamente, es otra responsabilidad, es otro compromiso y se abordan temas sumamente diferentes. Pero uno tiene la experiencia de haber transitado ocho a\u00f1os en dos concejos deliberantes, entonces eso fortalece lo que es la funci\u00f3n legislativa&#8221;, explic\u00f3 y reiter\u00f3 que desde su lugar quiere &#8220;sumar en el bloque&#8221;.<\/p>\n<p>En lo personal, Decc\u00f3 record\u00f3 que su labor en su ciudad siempre se ha acercado a lo social y reivindic\u00f3 la necesidad de trabajar en proyectos que aborden la salud mental en la provincia. &#8220;Tenemos que trabajar en protocolos que sean m\u00e1s claros en cuanto a la intervenci\u00f3n de suicidio, es una de las tem\u00e1ticas que nos desaf\u00edan&#8221;.<\/p>\n<p>&nbsp;<\/p>\n<p><strong>PJ provincial<\/strong><\/p>\n<p>En otro sentido, se refiri\u00f3 a la vida pol\u00edtica institucional del PJ y cont\u00f3 que encabeza el Consejo Departamental del Partido Justicialista en Diamante y &#8220;eso nos hace tener una mirada acerca de algunas cuestiones de la pol\u00edtica y entiendo que desde el disenso pueden surgir las grandes fortalezas de nuestro movimiento. Y tambi\u00e9n entiendo que es importante que los consejos departamentales se manifiesten, que se pueda ver la realidad de las distintas localidades&#8221;, asever\u00f3 y record\u00f3 que ya se han manifestado p\u00fablicamente como lo fue en el caso de Edgardo Kueider para ser expulsado del partido.<\/p>\n<p>&#8220;El justicialismo tiene muchos hombres y muchas mujeres muy importantes, m\u00e1s all\u00e1 de cuestiones puntualmente que nos han golpeado este \u00faltimo tiempo, pero que tambi\u00e9n entiendo que deben responder de manera personal quienes lo han hecho, porque eso no creo que represente ni los valores ni los principios de nuestro partido y debe ser una herramienta pol\u00edtica de transformaci\u00f3n de las realidades&#8221;, coment\u00f3 la futura diputada.<\/p>\n<p>&#8220;\u00c9ste es el momento justo e ideal para poder fortalecernos internamente m\u00e1s all\u00e1 de nuestras diferencias&#8221;, expres\u00f3, sin embargo no propuso ning\u00fan nombre a nivel provincial.<\/p>\n<p>&#8220;Creo que el justicialismo, todos en su conjunto debemos tener una autocr\u00edtica porque obviamente un resultado electoral adverso te obliga a repensar, qu\u00e9 es lo que pudo haber pasado y qu\u00e9 es lo que entendi\u00f3 la sociedad para no votar esta alternativa pol\u00edtica&#8221;.<\/p>\n<p>Decc\u00f3 opin\u00f3 sobre un liderazgo en el PJ nacional y asegur\u00f3: &#8220;Creo que dirigentes hay, y hay muchos, me parece tambi\u00e9n que es importante las representaciones reales que existen, y la renovaci\u00f3n, darles un espacio a la juventud, porque esa ha sido siempre una gran fortaleza del justicialismo y que hoy quiz\u00e1s no estamos teniendo la llegada que en otro momento si ten\u00edamos&#8221;.<\/p>\n<p>&#8220;En lo personal me recib\u00ed de abogada y empec\u00e9 al poco tiempo como concejal, entonces es toda una vida haciendo pol\u00edtica. O sea, son muchos a\u00f1os que uno se ha dedicado a esto y obviamente que siempre se tiene ilusiones, sue\u00f1os y expectativas pol\u00edticas, pero bueno, trato de vivir el momento. Siempre pienso en el proyecto colectivo que va m\u00e1s all\u00e1 de lo personal&#8221;, cerr\u00f3.<\/p>\n","protected":false},"excerpt":{"rendered":"<p>La expulsi\u00f3n del ex senador nacional por Entre R\u00edos, Edgardo Kueider, investigado por la Justicia paraguaya por haber intentado ingresar con una millonaria suma en d\u00f3lares, pesos argentinos y guaran\u00edes, gener\u00f3 que la banca sea ocupada por la diputada provincial, Stefan\u00eda Cora, que decidi\u00f3 mudarse al Congreso de la Naci\u00f3n. En su lugar asumir\u00e1 la abogada y dirigente del peronismo de Diamante, Silvina Decc\u00f3 &nbsp; &nbsp; La abogada y dirigente del Partido Justicialista de Diamante, Silvina Decc\u00f3, de 40 a\u00f1os, finalmente asumir\u00e1 una banca en la C\u00e1mara de Diputados de&#8230;<\/p>\n","protected":false},"author":3,"featured_media":125762,"comment_status":"closed","ping_status":"closed","sticky":false,"template":"","format":"standard","meta":[],"categories":[15],"tags":[],"_links":{"self":[{"href":"https:\/\/www.actualidadadiario.com\/index.php\/wp-json\/wp\/v2\/posts\/125856"}],"collection":[{"href":"https:\/\/www.actualidadadiario.com\/index.php\/wp-json\/wp\/v2\/posts"}],"about":[{"href":"https:\/\/www.actualidadadiario.com\/index.php\/wp-json\/wp\/v2\/types\/post"}],"author":[{"embeddable":true,"href":"https:\/\/www.actualidadadiario.com\/index.php\/wp-json\/wp\/v2\/users\/3"}],"replies":[{"embeddable":true,"href":"https:\/\/www.actualidadadiario.com\/index.php\/wp-json\/wp\/v2\/comments?post=125856"}],"version-history":[{"count":1,"href":"https:\/\/www.actualidadadiario.com\/index.php\/wp-json\/wp\/v2\/posts\/125856\/revisions"}],"predecessor-version":[{"id":125857,"href":"https:\/\/www.actualidadadiario.com\/index.php\/wp-json\/wp\/v2\/posts\/125856\/revisions\/125857"}],"wp:featuredmedia":[{"embeddable":true,"href":"https:\/\/www.actualidadadiario.com\/index.php\/wp-json\/wp\/v2\/media\/125762"}],"wp:attachment":[{"href":"https:\/\/www.actualidadadiario.com\/index.php\/wp-json\/wp\/v2\/media?parent=125856"}],"wp:term":[{"taxonomy":"category","embeddable":true,"href":"https:\/\/www.actualidadadiario.com\/index.php\/wp-json\/wp\/v2\/categories?post=125856"},{"taxonomy":"post_tag","embeddable":true,"href":"https:\/\/www.actualidadadiario.com\/index.php\/wp-json\/wp\/v2\/tags?post=125856"}],"curies":[{"name":"wp","href":"https:\/\/api.w.org\/{rel}","templated":true}]}}