{"id":125853,"date":"2025-03-12T10:43:12","date_gmt":"2025-03-12T13:43:12","guid":{"rendered":"https:\/\/www.actualidadadiario.com\/?p=125853"},"modified":"2025-03-12T10:43:12","modified_gmt":"2025-03-12T13:43:12","slug":"en-la-ucr-entre-rios-hubo-lista-unica-y-azcue-presidira-el-partido-provincial-por-2-anos","status":"publish","type":"post","link":"https:\/\/www.actualidadadiario.com\/index.php\/2025\/03\/12\/en-la-ucr-entre-rios-hubo-lista-unica-y-azcue-presidira-el-partido-provincial-por-2-anos\/","title":{"rendered":"En la UCR Entre R\u00edos hubo lista \u00fanica y Azcu\u00e9 presidir\u00e1 el partido provincial por 2 a\u00f1os"},"content":{"rendered":"<p style=\"text-align: center;\"><em><strong>El intendente de Concordia, que reconoce a Frigerio como su conductor pol\u00edtico, presidir\u00e1 el principal partido de Juntos por Entre R\u00edos hasta el 2027. El consenso no incluy\u00f3 a todos los dirigentes con cargo en el gobierno provincial<\/strong><\/em><\/p>\n<p>&nbsp;<\/p>\n<p>&nbsp;<\/p>\n<p>Tal como se esperaba, la dirigencia de la UCR de Entre R\u00edos renov\u00f3 su conducci\u00f3n provincial por consenso, sin pasar por las urnas. El intendente de Concordia Francisco Azcu\u00e9 encabez\u00f3 la lista \u00fanica que se anot\u00f3 este martes a la noche para el Comit\u00e9 Provincial.<\/p>\n<p>&nbsp;<\/p>\n<p><strong>La lista completa:<\/strong><\/p>\n<p><strong>Comit\u00e9 Provincial<\/strong><\/p>\n<ul>\n<li>Presidente: Azcue, Francisco<\/li>\n<li>Vicepresidente Primero: Oviedo, Alicia<\/li>\n<li>Vicepresidente Segundo: Renoldi, Maria Laura<\/li>\n<li>Secretario: Tennen, Manuel<\/li>\n<li>Prosecretaria: Rodr\u00edguez Artusi, Felicitas<\/li>\n<li>Tesorero: Dal Molin Ruben<\/li>\n<li>Protesorero: Carletti, Graciela<\/li>\n<li>Sec De Prensa y Medios: Kneeteman, Sergio<\/li>\n<li>Prosec De Prensa y Medios: Reynoso Paul<\/li>\n<li>Vocales Titulares<\/li>\n<\/ul>\n<p>Vocal 1\u00ba: Gaetano, Fernanda<\/p>\n<p>Vocal 2\u00ba: Monfort, Marcelo<\/p>\n<p>Vocal 3\u00ba Colli Gladys<\/p>\n<p>Vocal 4\u00ba: Perez ,Maximiliano<\/p>\n<p>Vocal 5\u00ba Alem, Georgina<\/p>\n<p>Vocal 6\u00ba: Elsesser, Juan Diego E<\/p>\n<p>Vocal 7\u00ba: Foletto, Sara<\/p>\n<p>Vocal 8\u00ba: Susevich, Enrique<\/p>\n<p>Vocal 9\u00ba: Correa, Ayelen<\/p>\n<p>Vocal 10\u00b0: Pintos, Oscar<\/p>\n<p>Vocal 11\u00ba Mart\u00ednez, Valeria Carolina<\/p>\n<p>Vocal 12\u00ba: Luis Mar\u00eda Haddad<\/p>\n<p>Vocal 13\u00ba Repetto, Andrea Carolina<\/p>\n<p>Vocal 14\u00ba: Rastelli, Rub\u00e8n<\/p>\n<p>Vocales Suplentes:<\/p>\n<p>Vocal 1\u00ba: Maydana, Fanny<\/p>\n<p>Vocal 2\u00ba: Arevalo, Rafael<\/p>\n<p>Vocal 3\u00ba: Viola, Maria Alejandra<\/p>\n<p>Vocal 4\u00ba: Sabbioni, Roberto<\/p>\n<p>Vocal 5\u00ba: Vittori, Vanina Araceli<\/p>\n<p>Vocal 6\u00ba Izaguirre Jorge<\/p>\n<p>Vocal 7\u00ba: Urruzola Silvia Nora<\/p>\n<p>Vocal 8\u00ba: Joannas, Mario<\/p>\n<p>Vocal 9\u00ba: Rico, Carolina<\/p>\n<p>Vocal 10\u00ba: Epstein, Gabriel<\/p>\n<p>Vocal 11\u00ba: Rodriguez Vagaria, Pilmaiquen<\/p>\n<p>Vocal 12\u00ba: Leonardt Landra, Heber<\/p>\n<p>Vocal 13\u00ba: Gaetano, Julieta<\/p>\n<p>Vocal 14\u00ba: Landra, Jorge<\/p>\n<ul>\n<li>Rector Del Partido<\/li>\n<\/ul>\n<p>Hern\u00e1n Daniel Jacob<\/p>\n<ul>\n<li>Delegados al Comit\u00e9 Nacional<\/li>\n<\/ul>\n<p>1\u00ba Benedetti, Atilio<\/p>\n<p>2\u00ba Pamberger, Flavia<\/p>\n<p>3\u00ba L\u00f3pez, Alcides Marcelo<\/p>\n<p>4\u00ba Perez Simondini, Andrea Fabiana<\/p>\n<ul>\n<li>Suplentes<\/li>\n<\/ul>\n<p>1\u00ba Schneider, Dar\u00edo<\/p>\n<p>2\u00ba Varisco, Lucia<\/p>\n","protected":false},"excerpt":{"rendered":"<p>El intendente de Concordia, que reconoce a Frigerio como su conductor pol\u00edtico, presidir\u00e1 el principal partido de Juntos por Entre R\u00edos hasta el 2027. El consenso no incluy\u00f3 a todos los dirigentes con cargo en el gobierno provincial &nbsp; &nbsp; Tal como se esperaba, la dirigencia de la UCR de Entre R\u00edos renov\u00f3 su conducci\u00f3n provincial por consenso, sin pasar por las urnas. El intendente de Concordia Francisco Azcu\u00e9 encabez\u00f3 la lista \u00fanica que se anot\u00f3 este martes a la noche para el Comit\u00e9 Provincial. &nbsp; La lista completa: Comit\u00e9&#8230;<\/p>\n","protected":false},"author":3,"featured_media":125854,"comment_status":"closed","ping_status":"closed","sticky":false,"template":"","format":"standard","meta":[],"categories":[15],"tags":[],"_links":{"self":[{"href":"https:\/\/www.actualidadadiario.com\/index.php\/wp-json\/wp\/v2\/posts\/125853"}],"collection":[{"href":"https:\/\/www.actualidadadiario.com\/index.php\/wp-json\/wp\/v2\/posts"}],"about":[{"href":"https:\/\/www.actualidadadiario.com\/index.php\/wp-json\/wp\/v2\/types\/post"}],"author":[{"embeddable":true,"href":"https:\/\/www.actualidadadiario.com\/index.php\/wp-json\/wp\/v2\/users\/3"}],"replies":[{"embeddable":true,"href":"https:\/\/www.actualidadadiario.com\/index.php\/wp-json\/wp\/v2\/comments?post=125853"}],"version-history":[{"count":1,"href":"https:\/\/www.actualidadadiario.com\/index.php\/wp-json\/wp\/v2\/posts\/125853\/revisions"}],"predecessor-version":[{"id":125855,"href":"https:\/\/www.actualidadadiario.com\/index.php\/wp-json\/wp\/v2\/posts\/125853\/revisions\/125855"}],"wp:featuredmedia":[{"embeddable":true,"href":"https:\/\/www.actualidadadiario.com\/index.php\/wp-json\/wp\/v2\/media\/125854"}],"wp:attachment":[{"href":"https:\/\/www.actualidadadiario.com\/index.php\/wp-json\/wp\/v2\/media?parent=125853"}],"wp:term":[{"taxonomy":"category","embeddable":true,"href":"https:\/\/www.actualidadadiario.com\/index.php\/wp-json\/wp\/v2\/categories?post=125853"},{"taxonomy":"post_tag","embeddable":true,"href":"https:\/\/www.actualidadadiario.com\/index.php\/wp-json\/wp\/v2\/tags?post=125853"}],"curies":[{"name":"wp","href":"https:\/\/api.w.org\/{rel}","templated":true}]}}