{"id":125850,"date":"2025-03-12T10:41:50","date_gmt":"2025-03-12T13:41:50","guid":{"rendered":"https:\/\/www.actualidadadiario.com\/?p=125850"},"modified":"2025-03-12T10:47:42","modified_gmt":"2025-03-12T13:47:42","slug":"el-gobierno-de-entre-rios-avanza-en-la-descentralizacion-de-vialidad-para-delegar-los-caminos-rurales","status":"publish","type":"post","link":"https:\/\/www.actualidadadiario.com\/index.php\/2025\/03\/12\/el-gobierno-de-entre-rios-avanza-en-la-descentralizacion-de-vialidad-para-delegar-los-caminos-rurales\/","title":{"rendered":"El Gobierno de Entre R\u00edos avanza en la \u201cdescentralizaci\u00f3n\u201d de Vialidad para delegar los caminos rurales"},"content":{"rendered":"<p style=\"text-align: center;\"><em><strong>El gobernador Frigerio se reuni\u00f3 con el ministro Schneider y el director de Vialidad Provincial, para diagramar c\u00f3mo ser\u00e1 el traspaso de algunas funciones a los intendentes y jefes comunales, con la respectiva transferencia de recursos. Prev\u00e9n la necesidad de que haya una ley<\/strong><\/em><\/p>\n<p>&nbsp;<\/p>\n<p>&nbsp;<\/p>\n<p>Rogelio Frigerio se reuni\u00f3 este martes con el ministro de Planeamiento, Dar\u00edo Schneider, el director administrador de la repartici\u00f3n vial, Exequiel Donda, y sus equipos de trabajo, con quienes avanz\u00f3 en objetivos, plazos y presupuesto para concretar las tareas conjuntas de atenci\u00f3n de caminos rurales con gobiernos locales, en el marco del llamado plan de \u201cdescentralizaci\u00f3n\u201d del organismo.<\/p>\n<p>De manera oficial destacaron que a final del encuentro, el titular de la cartera de Planeamiento, Infraestructura y Servicios inform\u00f3 que se abord\u00f3 \u201cla descentralizaci\u00f3n de Vialidad Provincial y la forma de poder sumar a los municipios en el mantenimiento de los caminos vecinales\u201d.<\/p>\n<p>\u201cEstablecimos una ruta de trabajo sobre el tema, poni\u00e9ndonos objetivos y plazos para avanzar en distintos aspectos, sobre todo el presupuestario, en este tema tan importante para la provincia\u201d, a\u00f1adi\u00f3 el funcionario, en referencia a la nueva metodolog\u00eda de trabajo, que apunta a mejorar la eficacia y eficiencia en la atenci\u00f3n de estas v\u00edas de comunicaci\u00f3n.<\/p>\n<p>\u201cEl gobernador nos solicit\u00f3 que pongamos en marcha los convenios con los municipios y nuestros equipos t\u00e9cnicos informaron sobre los avances que logramos, tras varias reuniones. Adem\u00e1s, estamos avanzando tambi\u00e9n en un modelo de ley para poder cristalizar esta descentralizaci\u00f3n, que pretendemos que tambi\u00e9n sea beneficiosa para los municipios\u201d, expres\u00f3 Schneider.<\/p>\n<p>Por \u00faltimo, el ministro aclar\u00f3 que el objetivo es \u201cno solo de atender de mejor manera los caminos vecinales, sino que esto no signifique un impedimento para los municipios en su trabajo y, sobre todo, en su econom\u00eda\u201d.<\/p>\n","protected":false},"excerpt":{"rendered":"<p>El gobernador Frigerio se reuni\u00f3 con el ministro Schneider y el director de Vialidad Provincial, para diagramar c\u00f3mo ser\u00e1 el traspaso de algunas funciones a los intendentes y jefes comunales, con la respectiva transferencia de recursos. Prev\u00e9n la necesidad de que haya una ley &nbsp; &nbsp; Rogelio Frigerio se reuni\u00f3 este martes con el ministro de Planeamiento, Dar\u00edo Schneider, el director administrador de la repartici\u00f3n vial, Exequiel Donda, y sus equipos de trabajo, con quienes avanz\u00f3 en objetivos, plazos y presupuesto para concretar las tareas conjuntas de atenci\u00f3n de caminos&#8230;<\/p>\n","protected":false},"author":3,"featured_media":125866,"comment_status":"closed","ping_status":"closed","sticky":false,"template":"","format":"standard","meta":[],"categories":[9],"tags":[],"_links":{"self":[{"href":"https:\/\/www.actualidadadiario.com\/index.php\/wp-json\/wp\/v2\/posts\/125850"}],"collection":[{"href":"https:\/\/www.actualidadadiario.com\/index.php\/wp-json\/wp\/v2\/posts"}],"about":[{"href":"https:\/\/www.actualidadadiario.com\/index.php\/wp-json\/wp\/v2\/types\/post"}],"author":[{"embeddable":true,"href":"https:\/\/www.actualidadadiario.com\/index.php\/wp-json\/wp\/v2\/users\/3"}],"replies":[{"embeddable":true,"href":"https:\/\/www.actualidadadiario.com\/index.php\/wp-json\/wp\/v2\/comments?post=125850"}],"version-history":[{"count":1,"href":"https:\/\/www.actualidadadiario.com\/index.php\/wp-json\/wp\/v2\/posts\/125850\/revisions"}],"predecessor-version":[{"id":125852,"href":"https:\/\/www.actualidadadiario.com\/index.php\/wp-json\/wp\/v2\/posts\/125850\/revisions\/125852"}],"wp:featuredmedia":[{"embeddable":true,"href":"https:\/\/www.actualidadadiario.com\/index.php\/wp-json\/wp\/v2\/media\/125866"}],"wp:attachment":[{"href":"https:\/\/www.actualidadadiario.com\/index.php\/wp-json\/wp\/v2\/media?parent=125850"}],"wp:term":[{"taxonomy":"category","embeddable":true,"href":"https:\/\/www.actualidadadiario.com\/index.php\/wp-json\/wp\/v2\/categories?post=125850"},{"taxonomy":"post_tag","embeddable":true,"href":"https:\/\/www.actualidadadiario.com\/index.php\/wp-json\/wp\/v2\/tags?post=125850"}],"curies":[{"name":"wp","href":"https:\/\/api.w.org\/{rel}","templated":true}]}}