{"id":125840,"date":"2025-03-11T15:34:18","date_gmt":"2025-03-11T18:34:18","guid":{"rendered":"https:\/\/www.actualidadadiario.com\/?p=125840"},"modified":"2025-03-11T15:34:18","modified_gmt":"2025-03-11T18:34:18","slug":"el-papa-francisco-paso-una-noche-tranquila-y-permanece-estable","status":"publish","type":"post","link":"https:\/\/www.actualidadadiario.com\/index.php\/2025\/03\/11\/el-papa-francisco-paso-una-noche-tranquila-y-permanece-estable\/","title":{"rendered":"El papa Francisco pas\u00f3 una noche tranquila y permanece &#8220;estable&#8221;"},"content":{"rendered":"<p style=\"text-align: center;\"><em><strong>&#8220;Las mejoras registradas en los d\u00edas anteriores se han consolidado a\u00fan m\u00e1s&#8221;, sostiene el \u00faltimo parte m\u00e9dico. Pese a las mejoras seguir\u00e1 internado<\/strong><\/em><\/p>\n<p>&nbsp;<\/p>\n<p>&nbsp;<\/p>\n<p>El papa Francisco pas\u00f3 una noche tranquila y &#8220;despert\u00f3 a las 8:00&#8221; en el Policl\u00ednico Agostino Gemelli de Roma donde se encuentra internado desde el pasado 14 de febrero, seg\u00fan inform\u00f3 este martes la Oficina de Prensa del Vaticano.<\/p>\n<p>&#8220;La noche transcurri\u00f3 tranquilamente, el Papa se despert\u00f3 alrededor de las 8:00&#8221;, indicaron desde la Santa Sede, mientras que en el parte del lunes por la tarde hab\u00edan se\u00f1alado que &#8220;las condiciones cl\u00ednicas del Santo Padre siguen siendo estables&#8221;.<\/p>\n<p>Adem\u00e1s, a\u00f1adieron: &#8220;Las mejoras registradas en los d\u00edas anteriores se han consolidado a\u00fan m\u00e1s, como confirman los an\u00e1lisis de sangre, la objetividad cl\u00ednica y la buena respuesta a la terapia farmacol\u00f3gica. Por estas razones, los m\u00e9dicos han decidido hoy disolver el pron\u00f3stico (fuera de estado cr\u00edtico)&#8221;.<\/p>\n<p>Sin embargo, dada la complejidad del cuadro cl\u00ednico y el importante cuadro infeccioso presentado en el momento del ingreso, ser\u00e1 necesario continuar la terapia m\u00e9dica farmacol\u00f3gica en r\u00e9gimen hospitalario durante algunos d\u00edas m\u00e1s.<\/p>\n<p>El papa Francisco envi\u00f3 el lunes un telegrama al arzobispo de Bah\u00eda Blanca manifestando su cercan\u00eda y oraciones por los afectados por el tr\u00e1gico temporal: &#8220;Apenado al enterarme sobre el desastre natural que est\u00e1 afectando a la regi\u00f3n de Bah\u00eda Blanca, y que ha ocasionado tantas v\u00edctimas y da\u00f1os materiales, ofrezco fervientes sufragios por el eterno descanso de los fallecidos&#8221;.<\/p>\n<p>&#8220;Asimismo, quiero hacer sentir mi cercan\u00eda espiritual a toda la poblaci\u00f3n, suplicando al Se\u00f1or que conceda consuelo a los deudos y a cuantos sufren en estos momentos de dolor e incertidumbre, y que sostenga con su gracia a todos los que est\u00e1n comprometidos con la b\u00fasqueda de los desaparecidos y con el arduo proceso de reconstrucci\u00f3n de las zonas devastadas. Mientras pido a Nuestra Se\u00f1ora de la Merced que interceda ante su Hijo Jesucristo por todos los afectados por esta cat\u00e1strofe, les imparto con afecto la bendici\u00f3n apost\u00f3lica&#8221;, agreg\u00f3.<\/p>\n<p>&nbsp;<\/p>\n<p><strong>El papa Francisco presenta una &#8220;mejor\u00eda consolidada&#8221;<\/strong><\/p>\n<p>El papa Francisco sigue recuper\u00e1ndose de una neumon\u00eda bilateral, seg\u00fan el \u00faltimo parte m\u00e9dico del Vaticano, emitido el 10 de marzo desde el Hospital Gemelli en Roma. Su condici\u00f3n se mantiene estable y presenta una \u201cmejor\u00eda consolidada\u201d. A pesar de su cuadro cl\u00ednico complejo, tuvo una noche tranquila y responde positivamente al tratamiento.<\/p>\n<p>Este nuevo comunicado refuerza la esperanza en la recuperaci\u00f3n del Papa, quien fue internado hace varios d\u00edas debido a su neumon\u00eda bilateral. Seg\u00fan el parte m\u00e9dico, \u201clas condiciones cl\u00ednicas del Santo Padre siguen siendo estables\u201d y se destaca que tuvo una evoluci\u00f3n positiva. \u201cEl Papa sigue respondiendo positivamente a las terapias respiratorias y motoras, que son esenciales para su estabilizaci\u00f3n\u201d, a\u00f1aden los m\u00e9dicos del Hospital Gemelli. Aunque su estado sigue siendo complejo, los especialistas conf\u00edan en su recuperaci\u00f3n progresiva.<\/p>\n<p>El equipo m\u00e9dico detall\u00f3 que el Papa mostr\u00f3 una mejora considerable, lo que permite confirmar que su salud mejor\u00f3 con respecto a los d\u00edas anteriores. A pesar de la gravedad de su condici\u00f3n, los m\u00e9dicos est\u00e1n optimistas sobre su recuperaci\u00f3n. \u201cA pesar de su cuadro cl\u00ednico complejo, el Papa ha tenido una noche tranquila y sigue evolucionando favorablemente\u201d, adem\u00e1s \u201cdurante el d\u00eda altern\u00f3 oraci\u00f3n y descanso\u201d indican en el informe.<\/p>\n<p>&nbsp;<\/p>\n<p><strong>El Papa Francisco est\u00e1 al tanto de las inundaciones en Bah\u00eda Blanca<\/strong><\/p>\n<p>A pesar de su delicada salud, el Papa Francisco sigue plenamente informado sobre los sucesos que ocurren en el mundo, en particular sobre las tragedias que afectan a los m\u00e1s necesitados. En este sentido, se mantiene al tanto de las graves inundaciones en Bah\u00eda Blanca, que dejaron un saldo de v\u00edctimas fatales y da\u00f1os materiales significativos.<\/p>\n<p>La Oficina de Prensa del Vaticano informa que el Papa Francisco est\u00e1 consciente de la situaci\u00f3n en Bah\u00eda Blanca y que expres\u00f3 su cercan\u00eda y solidaridad con los afectados por el desastre natural. El Pont\u00edfice manifiesta su dolor por las v\u00edctimas de las inundaciones y asegura que est\u00e1 espiritualmente cercano a las personas que sufren. Aunque no puede intervenir directamente debido a su estado de salud, hace saber que sus oraciones est\u00e1n con los damnificados y con las autoridades locales que siguen trabajando en las labores de rescate y reconstrucci\u00f3n.<\/p>\n","protected":false},"excerpt":{"rendered":"<p>&#8220;Las mejoras registradas en los d\u00edas anteriores se han consolidado a\u00fan m\u00e1s&#8221;, sostiene el \u00faltimo parte m\u00e9dico. Pese a las mejoras seguir\u00e1 internado &nbsp; &nbsp; El papa Francisco pas\u00f3 una noche tranquila y &#8220;despert\u00f3 a las 8:00&#8221; en el Policl\u00ednico Agostino Gemelli de Roma donde se encuentra internado desde el pasado 14 de febrero, seg\u00fan inform\u00f3 este martes la Oficina de Prensa del Vaticano. &#8220;La noche transcurri\u00f3 tranquilamente, el Papa se despert\u00f3 alrededor de las 8:00&#8221;, indicaron desde la Santa Sede, mientras que en el parte del lunes por la&#8230;<\/p>\n","protected":false},"author":3,"featured_media":125841,"comment_status":"closed","ping_status":"closed","sticky":false,"template":"","format":"standard","meta":[],"categories":[4],"tags":[],"_links":{"self":[{"href":"https:\/\/www.actualidadadiario.com\/index.php\/wp-json\/wp\/v2\/posts\/125840"}],"collection":[{"href":"https:\/\/www.actualidadadiario.com\/index.php\/wp-json\/wp\/v2\/posts"}],"about":[{"href":"https:\/\/www.actualidadadiario.com\/index.php\/wp-json\/wp\/v2\/types\/post"}],"author":[{"embeddable":true,"href":"https:\/\/www.actualidadadiario.com\/index.php\/wp-json\/wp\/v2\/users\/3"}],"replies":[{"embeddable":true,"href":"https:\/\/www.actualidadadiario.com\/index.php\/wp-json\/wp\/v2\/comments?post=125840"}],"version-history":[{"count":1,"href":"https:\/\/www.actualidadadiario.com\/index.php\/wp-json\/wp\/v2\/posts\/125840\/revisions"}],"predecessor-version":[{"id":125842,"href":"https:\/\/www.actualidadadiario.com\/index.php\/wp-json\/wp\/v2\/posts\/125840\/revisions\/125842"}],"wp:featuredmedia":[{"embeddable":true,"href":"https:\/\/www.actualidadadiario.com\/index.php\/wp-json\/wp\/v2\/media\/125841"}],"wp:attachment":[{"href":"https:\/\/www.actualidadadiario.com\/index.php\/wp-json\/wp\/v2\/media?parent=125840"}],"wp:term":[{"taxonomy":"category","embeddable":true,"href":"https:\/\/www.actualidadadiario.com\/index.php\/wp-json\/wp\/v2\/categories?post=125840"},{"taxonomy":"post_tag","embeddable":true,"href":"https:\/\/www.actualidadadiario.com\/index.php\/wp-json\/wp\/v2\/tags?post=125840"}],"curies":[{"name":"wp","href":"https:\/\/api.w.org\/{rel}","templated":true}]}}