{"id":125828,"date":"2025-03-11T14:58:46","date_gmt":"2025-03-11T17:58:46","guid":{"rendered":"https:\/\/www.actualidadadiario.com\/?p=125828"},"modified":"2025-03-11T14:58:46","modified_gmt":"2025-03-11T17:58:46","slug":"corte-suprema-la-comision-de-acuerdos-se-reunira-el-jueves-para-definir-el-futuro-de-manuel-garcia-mansilla","status":"publish","type":"post","link":"https:\/\/www.actualidadadiario.com\/index.php\/2025\/03\/11\/corte-suprema-la-comision-de-acuerdos-se-reunira-el-jueves-para-definir-el-futuro-de-manuel-garcia-mansilla\/","title":{"rendered":"Corte Suprema: la Comisi\u00f3n de Acuerdos se reunir\u00e1 el jueves para definir el futuro de Manuel Garc\u00eda-Mansilla"},"content":{"rendered":"<p style=\"text-align: center;\"><em><strong>Al igual que Ariel Lijo, el ex catedr\u00e1tico fue nombrado por decreto en comisi\u00f3n por Milei; su pliego pende de un hilo<\/strong><\/em><\/p>\n<p>&nbsp;<\/p>\n<p>&nbsp;<\/p>\n<p>La Comisi\u00f3n de Acuerdos del Senado se reunir\u00e1 el pr\u00f3ximo jueves para definir el futuro de Manuel Garc\u00eda Mansilla, el abogado que jur\u00f3 en la Corte Suprema luego ser nombrado por el presidente Javier Milei a trav\u00e9s de un decreto.<\/p>\n<p>El pliego de Garc\u00eda Mansilla cuenta con dos dict\u00e1menes de rechazo, seg\u00fan inform\u00f3 la titular de la Comisi\u00f3n, Guadalupe Tagliaferri. Si bien existe otro de apoyo a su candidatura, motorizado por el oficialismo, a\u00fan no fue presentado.<\/p>\n<p>De esta manera, la inc\u00f3gnita sobre letrado podr\u00eda comenzar a definirse en ese encuentro. El kirchnerismo, a la cabeza de Jos\u00e9 Mayans, y los porte\u00f1os Mart\u00edn Lousteau (UCR)y Tagliaferri (PRO), son los due\u00f1os de esos despachos. Ambos por separado.<\/p>\n<p>La idea central de este grupo, que tendr\u00eda apoyo tambi\u00e9n en un pu\u00f1ado de otros senadores, es tambi\u00e9n voltear el pliego de Ariel Lijo, el juez federal que se pidi\u00f3 licencia, pero que no pudo<\/p>\n<p>asumir en la Corte porque el m\u00e1ximo tribunal lo obliga a renunciar a su Juzgado de Comodoro Py.<\/p>\n<p>Si bien el decretazo de Milei cay\u00f3 mal entre los senadores, esta maniobra propuesta por este grupo complica el apoyo total de los legisladores. Algunos quieren salvar a Garc\u00eda Mansilla y otros est\u00e1n m\u00e1s interesados en rescatar a Lijo.<\/p>\n<p>Es similar a la iniciativa que ten\u00eda en principio la Casa Rosada: se aprueban ambos o ninguno. Esta tarde se reunir\u00e1n los radicales despu\u00e9s de d\u00edas de indefiniciones constantes y un intento del jefe de bloque, Eduardo Vischi, de frenar la embestida de los K, Lousteau y Tagliaferri.<\/p>\n<p>Hasta ayer, al pliego de Garc\u00eda Mansilla le faltaba una firma. Los apuntados para aportarla eran los radicales: Maximiliano Abad, Mariana Juri y Carolina Losada. Losada dijo que esperar\u00eda una decisi\u00f3n del bloque. El resto no respondi\u00f3 las consultas.<\/p>\n<p>De no conseguir la r\u00fabrica para el dictamen rechazo, la alternativa que le queda a estos senadores es juntar dos tercios en el recinto y sumar as\u00ed el pliego de Garc\u00eda Mansilla. Para el de Lijo no es necesario ya que consigui\u00f3 en febrero las 9 firmas.<\/p>\n","protected":false},"excerpt":{"rendered":"<p>Al igual que Ariel Lijo, el ex catedr\u00e1tico fue nombrado por decreto en comisi\u00f3n por Milei; su pliego pende de un hilo &nbsp; &nbsp; La Comisi\u00f3n de Acuerdos del Senado se reunir\u00e1 el pr\u00f3ximo jueves para definir el futuro de Manuel Garc\u00eda Mansilla, el abogado que jur\u00f3 en la Corte Suprema luego ser nombrado por el presidente Javier Milei a trav\u00e9s de un decreto. El pliego de Garc\u00eda Mansilla cuenta con dos dict\u00e1menes de rechazo, seg\u00fan inform\u00f3 la titular de la Comisi\u00f3n, Guadalupe Tagliaferri. Si bien existe otro de apoyo&#8230;<\/p>\n","protected":false},"author":3,"featured_media":125829,"comment_status":"closed","ping_status":"closed","sticky":false,"template":"","format":"standard","meta":[],"categories":[18],"tags":[],"_links":{"self":[{"href":"https:\/\/www.actualidadadiario.com\/index.php\/wp-json\/wp\/v2\/posts\/125828"}],"collection":[{"href":"https:\/\/www.actualidadadiario.com\/index.php\/wp-json\/wp\/v2\/posts"}],"about":[{"href":"https:\/\/www.actualidadadiario.com\/index.php\/wp-json\/wp\/v2\/types\/post"}],"author":[{"embeddable":true,"href":"https:\/\/www.actualidadadiario.com\/index.php\/wp-json\/wp\/v2\/users\/3"}],"replies":[{"embeddable":true,"href":"https:\/\/www.actualidadadiario.com\/index.php\/wp-json\/wp\/v2\/comments?post=125828"}],"version-history":[{"count":1,"href":"https:\/\/www.actualidadadiario.com\/index.php\/wp-json\/wp\/v2\/posts\/125828\/revisions"}],"predecessor-version":[{"id":125830,"href":"https:\/\/www.actualidadadiario.com\/index.php\/wp-json\/wp\/v2\/posts\/125828\/revisions\/125830"}],"wp:featuredmedia":[{"embeddable":true,"href":"https:\/\/www.actualidadadiario.com\/index.php\/wp-json\/wp\/v2\/media\/125829"}],"wp:attachment":[{"href":"https:\/\/www.actualidadadiario.com\/index.php\/wp-json\/wp\/v2\/media?parent=125828"}],"wp:term":[{"taxonomy":"category","embeddable":true,"href":"https:\/\/www.actualidadadiario.com\/index.php\/wp-json\/wp\/v2\/categories?post=125828"},{"taxonomy":"post_tag","embeddable":true,"href":"https:\/\/www.actualidadadiario.com\/index.php\/wp-json\/wp\/v2\/tags?post=125828"}],"curies":[{"name":"wp","href":"https:\/\/api.w.org\/{rel}","templated":true}]}}