{"id":125820,"date":"2025-03-11T14:55:10","date_gmt":"2025-03-11T17:55:10","guid":{"rendered":"https:\/\/www.actualidadadiario.com\/?p=125820"},"modified":"2025-03-11T14:55:10","modified_gmt":"2025-03-11T17:55:10","slug":"cristina-arremetio-contra-milei-por-bahia-blanca-hay-que-poner-la-billetera-para-poder-reconstruir","status":"publish","type":"post","link":"https:\/\/www.actualidadadiario.com\/index.php\/2025\/03\/11\/cristina-arremetio-contra-milei-por-bahia-blanca-hay-que-poner-la-billetera-para-poder-reconstruir\/","title":{"rendered":"Cristina arremeti\u00f3 contra Milei por Bah\u00eda Blanca: &#8220;Hay que poner la billetera para poder reconstruir&#8221;"},"content":{"rendered":"<p style=\"text-align: center;\"><em><strong>La expresidenta cruz\u00f3 al Presidente por no ir a visitar la ciudad tras el fatal temporal y lament\u00f3 su &#8220;desconexi\u00f3n emocional con los que sufren&#8221;. &#8220;No te imagin\u00e1s lo que significa para la gente que llegue un presidente, o presidenta, cuando sufre una tragedia&#8221;, le remarc\u00f3<\/strong><\/em><\/p>\n<p>&nbsp;<\/p>\n<p>&nbsp;<\/p>\n<p>La expresidenta Cristina Kirchner volvi\u00f3 a cruzar al presidente Javier Milei por su &#8220;desconexi\u00f3n emocional&#8221; con las inundaciones en Bah\u00eda Blanca, cuestion\u00f3 que no se acercara a la ciudad luego de la tragedia fatal y remarc\u00f3 que hay que &#8220;poner la billetera&#8221; para ayudar a los bahienses.<\/p>\n<p><em>&#8220;\u00a1Ay, Milei! Te juro que esper\u00e9&#8230; Pens\u00e9\u2026 &#8216;seguro este viaja a Bah\u00eda Blanca, porque lo que pas\u00f3 es apocal\u00edptico&#8217;. Y no\u2026 NADA. \u00a1MADRE DE DIOS! \u00a1QU\u00c9 DESCONEXI\u00d3N EMOCIONAL TEN\u00c9S CON LOS QUE SUFREN!&#8221;,<\/em> lament\u00f3 Cristina Kirchner en un posteo en su cuenta de X (ex Twitter).<\/p>\n<p>Al respecto le remarc\u00f3 sobre su ausencia en el territorio bahiense: &#8220;No te imagin\u00e1s lo que significa para la gente que llegue un presidente, o presidenta, cuando sufre una tragedia y muertes provocadas por las fuerzas de la naturaleza&#8221; y le record\u00f3 que durante sus mandatos ella misma visit\u00f3 las inundaciones en Tartagal y la zona del tornado en Misiones en 2009, as\u00ed como la zona inundada en La Plata en y en el Barrio Mitre en 2013.<\/p>\n<p><em>&#8220;Se trata de estar, acompa\u00f1ar, ayudar y reconstruir. No es tan dif\u00edcil. Hay que poner voluntad Y SOBRE TODO PLATA. POR QUE TAMPOCO SIRVE SOLO PONER LA CARA PARA LA TELE. HAY QUE PONER LA CARA Y LA BILLETERA PARA PODER RECONSTRUIR BAH\u00cdA BLANCA&#8221;,<\/em> le reclam\u00f3 la exmandataria a Milei.<\/p>\n<p>Al tiempo que record\u00f3 que el intendente de Bah\u00eda Blanca, Federico Susbielles, ha evaluado los da\u00f1os en 400 mil millones de pesos; &#8220;o sea\u2026 casi 400 millones de d\u00f3lares.. &#8220;, le se\u00f1al\u00f3. Y es que, la ayuda econ\u00f3mica extraordinaria que envi\u00f3 el Gobierno nacional es solo de 10.000 millones.<\/p>\n<p>Y le apunt\u00f3: <em>&#8220;AYER NOM\u00c1S GASTASTE 224 MILLONES DE D\u00d3LARES DEL BANCO CENTRAL para intervenir en el mercado de los d\u00f3lares financieros y seguir con el d\u00f3lar oficial planchado. EN UN D\u00cdA QUEMASTE M\u00c1S DE LA MITAD DE LO QUE NECESITA BAH\u00cdA BLANCA PARA SU RECONSTRUCCI\u00d3N\u2026 FIJATE MILEI&#8221;,<\/em> cerr\u00f3 la exmandataria.<\/p>\n<p>&nbsp;<\/p>\n<p><strong>CFK record\u00f3 sus visitas tras las inundaciones en Tartagal y La Plata<\/strong><\/p>\n<p>Sobre su visita a Tartagal, la expresidenta rememor\u00f3: <em>&#8220;Yo reci\u00e9n llegaba de una visita oficial a Espa\u00f1a tras compartir condecoraci\u00f3n, gala y encuentros con Reyes y Presidente. No lo dud\u00e9 un instante, me fui derecho para Salta y termin\u00e9 enterrada en el lodo junto al resto de los vecinos, recorriendo el pueblo y visitando las casas cubiertas de barro. DESPU\u00c9S DE LA CAT\u00c1STROFE, RECONSTRUIMOS TODO LO QUE HAB\u00cdA DESTRUIDO LA NATURALEZA Y M\u00c1S TAMBI\u00c9N&#8221;.<\/em><\/p>\n<p><em>&#8220;Te puedo contar tambi\u00e9n cuando fui a La Plata, mi ciudad natal, el 3 de abril del 2013, al d\u00eda siguiente de las inundaciones que se llevaron las vidas de tantos platenses. NO SAB\u00c9S EL ROL QUE CUMPLI\u00d3 EL EJ\u00c9RCITO ARGENTINO JUNTO A LOS PIBES DE LA C\u00c1MPORA ORGANIZANDO LA AYUDA A LOS VECINOS DAMNIFICADOS&#8221;,<\/em> agreg\u00f3.<\/p>\n<p>Y se\u00f1al\u00f3: <em>&#8220;Todav\u00eda me acuerdo cuando, los mismos periodistas que este fin de semana justificaban la presencia en Bah\u00eda Blanca de Jos\u00e9 Luis Espert, tu candidato a diputado nacional para las pr\u00f3ximas elecciones en PBA, no paraban de criticar a los chicos porque llevaban pecheras identificatorias de su organizaci\u00f3n\u2026 \u00a1Dios m\u00edo! \u00a1Cu\u00e1nta mediocridad y estupidez! Como dec\u00eda mi abuela: los est\u00fapidos y las hormigas no se terminan nunca&#8221;.<\/em><\/p>\n","protected":false},"excerpt":{"rendered":"<p>La expresidenta cruz\u00f3 al Presidente por no ir a visitar la ciudad tras el fatal temporal y lament\u00f3 su &#8220;desconexi\u00f3n emocional con los que sufren&#8221;. &#8220;No te imagin\u00e1s lo que significa para la gente que llegue un presidente, o presidenta, cuando sufre una tragedia&#8221;, le remarc\u00f3 &nbsp; &nbsp; La expresidenta Cristina Kirchner volvi\u00f3 a cruzar al presidente Javier Milei por su &#8220;desconexi\u00f3n emocional&#8221; con las inundaciones en Bah\u00eda Blanca, cuestion\u00f3 que no se acercara a la ciudad luego de la tragedia fatal y remarc\u00f3 que hay que &#8220;poner la billetera&#8221;&#8230;<\/p>\n","protected":false},"author":3,"featured_media":106124,"comment_status":"closed","ping_status":"closed","sticky":false,"template":"","format":"standard","meta":[],"categories":[18],"tags":[],"_links":{"self":[{"href":"https:\/\/www.actualidadadiario.com\/index.php\/wp-json\/wp\/v2\/posts\/125820"}],"collection":[{"href":"https:\/\/www.actualidadadiario.com\/index.php\/wp-json\/wp\/v2\/posts"}],"about":[{"href":"https:\/\/www.actualidadadiario.com\/index.php\/wp-json\/wp\/v2\/types\/post"}],"author":[{"embeddable":true,"href":"https:\/\/www.actualidadadiario.com\/index.php\/wp-json\/wp\/v2\/users\/3"}],"replies":[{"embeddable":true,"href":"https:\/\/www.actualidadadiario.com\/index.php\/wp-json\/wp\/v2\/comments?post=125820"}],"version-history":[{"count":1,"href":"https:\/\/www.actualidadadiario.com\/index.php\/wp-json\/wp\/v2\/posts\/125820\/revisions"}],"predecessor-version":[{"id":125821,"href":"https:\/\/www.actualidadadiario.com\/index.php\/wp-json\/wp\/v2\/posts\/125820\/revisions\/125821"}],"wp:featuredmedia":[{"embeddable":true,"href":"https:\/\/www.actualidadadiario.com\/index.php\/wp-json\/wp\/v2\/media\/106124"}],"wp:attachment":[{"href":"https:\/\/www.actualidadadiario.com\/index.php\/wp-json\/wp\/v2\/media?parent=125820"}],"wp:term":[{"taxonomy":"category","embeddable":true,"href":"https:\/\/www.actualidadadiario.com\/index.php\/wp-json\/wp\/v2\/categories?post=125820"},{"taxonomy":"post_tag","embeddable":true,"href":"https:\/\/www.actualidadadiario.com\/index.php\/wp-json\/wp\/v2\/tags?post=125820"}],"curies":[{"name":"wp","href":"https:\/\/api.w.org\/{rel}","templated":true}]}}