{"id":125810,"date":"2025-03-11T12:25:10","date_gmt":"2025-03-11T15:25:10","guid":{"rendered":"https:\/\/www.actualidadadiario.com\/?p=125810"},"modified":"2025-03-11T12:25:24","modified_gmt":"2025-03-11T15:25:24","slug":"francos-descarto-la-interpelacion-a-karina-o-a-javier-milei-por-el-criptogate-libra","status":"publish","type":"post","link":"https:\/\/www.actualidadadiario.com\/index.php\/2025\/03\/11\/francos-descarto-la-interpelacion-a-karina-o-a-javier-milei-por-el-criptogate-libra\/","title":{"rendered":"Francos descart\u00f3 la interpelaci\u00f3n a Karina o a Javier Milei por el criptogate $LIBRA"},"content":{"rendered":"<p style=\"text-align: center;\"><em><strong>El jefe de Gabinete minimiz\u00f3 el impacto pol\u00edtico del esc\u00e1ndalo por la estafa de $LIBRA, mientras la oposici\u00f3n en la C\u00e1mara de Diputados solicita interpelar a funcionarios del Gobierno. Qu\u00e9 dijo sobre la ayuda a Bah\u00eda Blanca, tras el temporal<\/strong><\/em><\/p>\n<p>&nbsp;<\/p>\n<p>&nbsp;<\/p>\n<p>El jefe de Gabinete, Guillermo Francos, se refiri\u00f3 este martes al esc\u00e1ndalo en torno a la criptomoneda $LIBRA, promocionada en redes sociales por el presidente Javier Milei y descart\u00f3 que Karina Milei y otros funcionarios del Gobierno se sometan a una interpelaci\u00f3n en el Congreso como busca la oposici\u00f3n.<\/p>\n<p>\u201cMe parece perfecto que el Congreso trate los proyectos que quiera y estamos dispuesto a dar las respuestas que requieran, pero hacer un show del tema, no estamos dispuestos a hacerlo\u201d, justific\u00f3 sobre los pedidos de interpelaci\u00f3n a diferentes miembros del Ejecutivo, incluso al presidente Javier Milei.<\/p>\n<p>Este mi\u00e9rcoles,\u00a0 la oposici\u00f3n en la C\u00e1mara de Diputados buscar\u00e1, a las 12, tratar el esc\u00e1ndalo cripto con la estafa de $LIBRA mediante 11 proyectos en debate, los bloques opositores intentar\u00e1n interpelar al Presidente y a varios funcionarios, aunque para ello deber\u00e1n alcanzar el qu\u00f3rum reglamentario de 129 diputados al inicio de la sesi\u00f3n. Entre las iniciativas m\u00e1s relevantes, el Frente de Izquierda present\u00f3 un pedido de interpelaci\u00f3n para el propio Javier Milei, mientras que Encuentro Federal impulsa citar a Karina Milei, Guillermo Francos, Manuel Adorni y Mariano C\u00faneo Libarona.<\/p>\n<p>A su vez, Uni\u00f3n por la Patria busca interpelar a la secretaria general de la Presidencia, y la Coalici\u00f3n C\u00edvica apunta al jefe de Gabinete, adem\u00e1s, el MID propuso la creaci\u00f3n de una Comisi\u00f3n Investigadora sobre el caso $LIBRA, que estar\u00eda integrada por 16 miembros de ambas c\u00e1maras legislativas.<\/p>\n<p>En declaraciones a Splendid AM 990, Francos consider\u00f3: \u201cHasta aqu\u00ed, la oposici\u00f3n no encontr\u00f3 resquicio para atacar al Gobierno que ha demostrado que tiene \u00e9xito econ\u00f3mico. Quieren prenderse como garrapatas del tema para ver qu\u00e9 obtienen en materia electoral. No queremos ser parte de un show medi\u00e1tico\u201d.<\/p>\n<p>&nbsp;<\/p>\n<p><strong>Sobre el acuerdo con el FMI: a d\u00f3nde se destinar\u00e1 el nuevo desembolso<\/strong><\/p>\n<p>El jefe de Gabinete, adem\u00e1s, se refiri\u00f3 al acuerdo con el Fondo Monetario Internacional (FMI) y remarc\u00f3 que &#8220;claramente dice que no se incrementa la deuda p\u00fablica&#8221; y remarc\u00f3 que el Ejecutivo tiene la facultad &#8220;para aprobar un acuerdo en los t\u00e9rminos que ah\u00ed se establece&#8221;.<\/p>\n<p>El acuerdo, autorizado a trav\u00e9s de un Decreto de Necesidad y Urgencia (DNU), ser\u00e1 enviado al Congreso para su tratamiento y aprobaci\u00f3n al Congreso este martes \u201cHay un procedimiento que empieza en la comisi\u00f3n bilateral&#8221;, explic\u00f3 Francos.<\/p>\n<p>Asimismo, a\u00f1adi\u00f3: \u201cEl DNU va a ser enviado de inmediato al Congreso para que sea tratado como corresponde. Tiene la fuerza de una ley, lo establece la Constituci\u00f3n, mientras no sea rechazado por las c\u00e1maras y creo que no lo van a rechazar las c\u00e1maras\u201d. \u201cTiene una larga fundamentaci\u00f3n hist\u00f3rica de los DNU que existieron antes con la relaci\u00f3n con el FMI\u201d, remarc\u00f3<\/p>\n<p>Y remarc\u00f3 que no incrementar\u00e1 la deuda p\u00fablica: \u201cEl desembolso se utilizar\u00e1 para pagar vencimientos con el FMI o la deuda del estado nacional con el Banco Central. La deuda del tesoro no se va a incrementar\u201d.<\/p>\n<p>\u201cAlgunos diputados dicen cosas totalmente rid\u00edculas, la famosa Ley Guzm\u00e1n para aprobar el acuerdo con el FMI donde todos los acuerdos deb\u00edan pasar por el Congreso. Yo dije que esa ley pareciera que estuviera por encima de la Constituci\u00f3n porque limita facultades del ejecutivo que surgen de la propia Constituci\u00f3n\u201d.<\/p>\n<p>&nbsp;<\/p>\n<p><strong>Qu\u00e9 dijo sobre el tr\u00e1gico temporal en Bah\u00eda Blanca<\/strong><\/p>\n<p>Al hablar de la situaci\u00f3n de la ciudad de Bah\u00eda Blanca, el jefe de Gabinete explic\u00f3 sus dichos sobre la responsabilidad de la Provincia en la reconstrucci\u00f3n de la ciudad: \u201cLo que dije con toda claridad es que la reconstrucci\u00f3n y planificaci\u00f3n le corresponde al Municipio y Provincia. Naci\u00f3n est\u00e1 para apoyar como desde el principio, hemos puesto los fondos disponibles&#8221;, aclar\u00f3.<\/p>\n<p>\u201cEstamos trabajando con autoridades de la Provincia, si nos piden apoyo lo van a tener. El apoyo econ\u00f3mico estar\u00e1 una vez que est\u00e9 el plan de reconstrucci\u00f3n, estamos dispuestos a escuchar lo que nos propongan\u201d, indic\u00f3.<\/p>\n<p>El jefe de los ministros se refiri\u00f3 a las cr\u00edticas que recibi\u00f3 el Gobierno y apunt\u00f3: \u201cEn qu\u00e9 cabeza cabe que nosotros haremos por nuestra cuenta un desarrollo de la crisis, hay que ser racionales y saber de qui\u00e9n es la competencia en cada caso\u201d.<\/p>\n","protected":false},"excerpt":{"rendered":"<p>El jefe de Gabinete minimiz\u00f3 el impacto pol\u00edtico del esc\u00e1ndalo por la estafa de $LIBRA, mientras la oposici\u00f3n en la C\u00e1mara de Diputados solicita interpelar a funcionarios del Gobierno. Qu\u00e9 dijo sobre la ayuda a Bah\u00eda Blanca, tras el temporal &nbsp; &nbsp; El jefe de Gabinete, Guillermo Francos, se refiri\u00f3 este martes al esc\u00e1ndalo en torno a la criptomoneda $LIBRA, promocionada en redes sociales por el presidente Javier Milei y descart\u00f3 que Karina Milei y otros funcionarios del Gobierno se sometan a una interpelaci\u00f3n en el Congreso como busca la&#8230;<\/p>\n","protected":false},"author":3,"featured_media":112223,"comment_status":"closed","ping_status":"closed","sticky":false,"template":"","format":"standard","meta":[],"categories":[18],"tags":[],"_links":{"self":[{"href":"https:\/\/www.actualidadadiario.com\/index.php\/wp-json\/wp\/v2\/posts\/125810"}],"collection":[{"href":"https:\/\/www.actualidadadiario.com\/index.php\/wp-json\/wp\/v2\/posts"}],"about":[{"href":"https:\/\/www.actualidadadiario.com\/index.php\/wp-json\/wp\/v2\/types\/post"}],"author":[{"embeddable":true,"href":"https:\/\/www.actualidadadiario.com\/index.php\/wp-json\/wp\/v2\/users\/3"}],"replies":[{"embeddable":true,"href":"https:\/\/www.actualidadadiario.com\/index.php\/wp-json\/wp\/v2\/comments?post=125810"}],"version-history":[{"count":2,"href":"https:\/\/www.actualidadadiario.com\/index.php\/wp-json\/wp\/v2\/posts\/125810\/revisions"}],"predecessor-version":[{"id":125812,"href":"https:\/\/www.actualidadadiario.com\/index.php\/wp-json\/wp\/v2\/posts\/125810\/revisions\/125812"}],"wp:featuredmedia":[{"embeddable":true,"href":"https:\/\/www.actualidadadiario.com\/index.php\/wp-json\/wp\/v2\/media\/112223"}],"wp:attachment":[{"href":"https:\/\/www.actualidadadiario.com\/index.php\/wp-json\/wp\/v2\/media?parent=125810"}],"wp:term":[{"taxonomy":"category","embeddable":true,"href":"https:\/\/www.actualidadadiario.com\/index.php\/wp-json\/wp\/v2\/categories?post=125810"},{"taxonomy":"post_tag","embeddable":true,"href":"https:\/\/www.actualidadadiario.com\/index.php\/wp-json\/wp\/v2\/tags?post=125810"}],"curies":[{"name":"wp","href":"https:\/\/api.w.org\/{rel}","templated":true}]}}