{"id":125807,"date":"2025-03-11T12:24:15","date_gmt":"2025-03-11T15:24:15","guid":{"rendered":"https:\/\/www.actualidadadiario.com\/?p=125807"},"modified":"2025-03-11T12:24:15","modified_gmt":"2025-03-11T15:24:15","slug":"corresponsales-extranjeros-alertan-sobre-las-restricciones-del-gobierno-al-acceso-a-la-informacion-en-argentina","status":"publish","type":"post","link":"https:\/\/www.actualidadadiario.com\/index.php\/2025\/03\/11\/corresponsales-extranjeros-alertan-sobre-las-restricciones-del-gobierno-al-acceso-a-la-informacion-en-argentina\/","title":{"rendered":"Corresponsales extranjeros alertan sobre las restricciones del Gobierno al acceso a la informaci\u00f3n en Argentina"},"content":{"rendered":"<p style=\"text-align: center;\"><em><strong>La Asociaci\u00f3n de Corresponsales Extranjeros reclaman por la &#8220;vulneraci\u00f3n del derecho a la informaci\u00f3n&#8221; de la gesti\u00f3n libertaria. &#8220;Milei no ofreci\u00f3 ninguna conferencia de prensa desde que asumi\u00f3&#8221;, se\u00f1ala el comunicado<\/strong><\/em><\/p>\n<p>&nbsp;<\/p>\n<p>&nbsp;<\/p>\n<p>La libertad de expresi\u00f3n tiene como correlato al derecho al acceso a la informaci\u00f3n, ambos van de la mano, sino quedan truncos. En ese marco, corresponsales extranjeros alertaron sobre las restricciones que el Gobierno de Javier Milei impone a la prensa desde que asumi\u00f3.<\/p>\n<p>La Asociaci\u00f3n de Corresponsales Extranjeros de la Rep\u00fablica Argentina (ACERA) emiti\u00f3 este lunes un duro comunicado en el que denuncia las diferentes medidas que impiden el libre ejercicio profesional del periodismo, que van desde el \u201cbot\u00f3n silenciador\u201d anunciado por el vocero presidencial, Manuel Adorni, a las agresiones de las fuerzas de seguridad a los reporteros en las coberturas de las manifestaciones.<\/p>\n<p>\u201cEl presidente Javier Milei no ofreci\u00f3 ninguna conferencia de prensa desde que asumi\u00f3 hace catorce meses\u201d, expres\u00f3 cr\u00edticamente ACERA y explic\u00f3 que \u201cello deriva en que la comunicaci\u00f3n del mandatario con medios extranjeros sea extremadamente selectiva, seg\u00fan los criterios pol\u00edticos \u200by condiciones arbitrarias impuestas por Presidencia\u201d.<\/p>\n<p>La situaci\u00f3n descripta puede aplicarse tambi\u00e9n a los medios nacionales, tal como qued\u00f3 expuesto en una de las \u00faltimas entrevistas televisadas de Milei, en la que su asesor Santiago Caputo interrumpi\u00f3 una entrevista con Jonatan Viale para evitarle un &#8220;quilombo judicial&#8221;. El clip se filtr\u00f3 a trav\u00e9s de Youtube, dado que la versi\u00f3n televisada omiti\u00f3 ese condicionante en la labor del comunicador.<\/p>\n<p>\u201cA modo de ejemplo\u200b de la vulneraci\u00f3n del derecho a la informaci\u00f3n, se encuentran las recientes restricciones en la acreditaci\u00f3n de reporteros gr\u00e1ficos durante la apertura de las sesiones ordinarias del Congreso, que encabez\u00f3 el presidente, Javier Milei, el pasado s\u00e1bado 1 de marzo\u201d, agreg\u00f3 la organizaci\u00f3n que nuclea reporteros extranjeros en el pa\u00eds.<\/p>\n<p>Adem\u00e1s, la Asociaci\u00f3n advirti\u00f3 que \u201cel acceso a ministros y altos funcionarios es de reducido a nulo. La existencia de una cotidiana conferencia de prensa con el portavoz del Presidente es habitual en muchas democracias, pero no reemplaza la informaci\u00f3n provista de primera mano por los jefes de Gobierno y Estado\u201d.<\/p>\n<p>Otro punto cr\u00edtico que se\u00f1al\u00f3 ACERA es la implementaci\u00f3n en las conferencias de prensa de Adorni del \u201cbot\u00f3n silenciador\u201d para evitar las repreguntas de los periodistas o acallar las intervenciones inc\u00f3modas, as\u00ed como el nuevo protocolo de de selecci\u00f3n de acreditados para ingresar a la Sala de Prensa de Presidencia.<\/p>\n<p>ACERA tambi\u00e9n mostr\u00f3 preocupaci\u00f3n por la represi\u00f3n en las protestas y la afectaci\u00f3n a las coberturas period\u00edsticas. \u201cDesde que comenz\u00f3 el Gobierno de La Libertad Avanza (los periodistas) se vieron obligados a tomar cada vez m\u00e1s medidas de seguridad en las manifestaciones por el aumento de la violencia en la represi\u00f3n\u201d, sostuvo y agreg\u00f3: \u201cCorresponsales extranjeros se han visto en la necesidad de comenzar a utilizar cascos, m\u00e1scaras respiratorias y otr\u200bos tipos de protecci\u00f3n\u200bo\u200bn durante coberturas en la v\u00eda p\u00fablica\u201d.<\/p>\n<p>De acuerdo a ACERA, el acceso a la informaci\u00f3n es un derecho consagrado la Declaraci\u00f3n Universal de los Derechos Humanos, proclamada por la Organizaci\u00f3n de las Naciones Unidas, \u201cen cuanto establece que todo individuo tiene derecho a la libertad de opini\u00f3n y expresi\u00f3n; este derecho incluye el de no ser molestado a causa de sus opiniones y el de difundirlas, sin limitaci\u00f3n de fronteras, por cualquier medio de expresi\u00f3n\u201d, se\u00f1al\u00f3.<\/p>\n","protected":false},"excerpt":{"rendered":"<p>La Asociaci\u00f3n de Corresponsales Extranjeros reclaman por la &#8220;vulneraci\u00f3n del derecho a la informaci\u00f3n&#8221; de la gesti\u00f3n libertaria. &#8220;Milei no ofreci\u00f3 ninguna conferencia de prensa desde que asumi\u00f3&#8221;, se\u00f1ala el comunicado &nbsp; &nbsp; La libertad de expresi\u00f3n tiene como correlato al derecho al acceso a la informaci\u00f3n, ambos van de la mano, sino quedan truncos. En ese marco, corresponsales extranjeros alertaron sobre las restricciones que el Gobierno de Javier Milei impone a la prensa desde que asumi\u00f3. La Asociaci\u00f3n de Corresponsales Extranjeros de la Rep\u00fablica Argentina (ACERA) emiti\u00f3 este lunes&#8230;<\/p>\n","protected":false},"author":3,"featured_media":125808,"comment_status":"closed","ping_status":"closed","sticky":false,"template":"","format":"standard","meta":[],"categories":[9],"tags":[],"_links":{"self":[{"href":"https:\/\/www.actualidadadiario.com\/index.php\/wp-json\/wp\/v2\/posts\/125807"}],"collection":[{"href":"https:\/\/www.actualidadadiario.com\/index.php\/wp-json\/wp\/v2\/posts"}],"about":[{"href":"https:\/\/www.actualidadadiario.com\/index.php\/wp-json\/wp\/v2\/types\/post"}],"author":[{"embeddable":true,"href":"https:\/\/www.actualidadadiario.com\/index.php\/wp-json\/wp\/v2\/users\/3"}],"replies":[{"embeddable":true,"href":"https:\/\/www.actualidadadiario.com\/index.php\/wp-json\/wp\/v2\/comments?post=125807"}],"version-history":[{"count":1,"href":"https:\/\/www.actualidadadiario.com\/index.php\/wp-json\/wp\/v2\/posts\/125807\/revisions"}],"predecessor-version":[{"id":125809,"href":"https:\/\/www.actualidadadiario.com\/index.php\/wp-json\/wp\/v2\/posts\/125807\/revisions\/125809"}],"wp:featuredmedia":[{"embeddable":true,"href":"https:\/\/www.actualidadadiario.com\/index.php\/wp-json\/wp\/v2\/media\/125808"}],"wp:attachment":[{"href":"https:\/\/www.actualidadadiario.com\/index.php\/wp-json\/wp\/v2\/media?parent=125807"}],"wp:term":[{"taxonomy":"category","embeddable":true,"href":"https:\/\/www.actualidadadiario.com\/index.php\/wp-json\/wp\/v2\/categories?post=125807"},{"taxonomy":"post_tag","embeddable":true,"href":"https:\/\/www.actualidadadiario.com\/index.php\/wp-json\/wp\/v2\/tags?post=125807"}],"curies":[{"name":"wp","href":"https:\/\/api.w.org\/{rel}","templated":true}]}}