{"id":125796,"date":"2025-03-11T12:18:50","date_gmt":"2025-03-11T15:18:50","guid":{"rendered":"https:\/\/www.actualidadadiario.com\/?p=125796"},"modified":"2025-03-11T12:18:50","modified_gmt":"2025-03-11T15:18:50","slug":"hubo-un-derrame-de-acido-sulfurico-en-el-muelle-de-upm-frente-a-gualeguaychu","status":"publish","type":"post","link":"https:\/\/www.actualidadadiario.com\/index.php\/2025\/03\/11\/hubo-un-derrame-de-acido-sulfurico-en-el-muelle-de-upm-frente-a-gualeguaychu\/","title":{"rendered":"Hubo un derrame de \u00e1cido sulf\u00farico en el muelle de UPM frente a Gualeguaych\u00fa"},"content":{"rendered":"<p style=\"text-align: center;\"><em><strong>\u201cLa situaci\u00f3n fue controlada r\u00e1pidamente y contenida en el lugar con la brigada propia de la empresa\u201d, aseguraron desde la firma<\/strong><\/em><\/p>\n<p>&nbsp;<\/p>\n<p>&nbsp;<\/p>\n<p>Por la rotura en una manguera, se origin\u00f3 un accidente que ocasion\u00f3 un derrame de \u00e1cido sulf\u00farico en la planta de UPM en Fray Bentos, seg\u00fan public\u00f3 anoche Impacto Noticias de esa ciudad.<\/p>\n<p>La situaci\u00f3n fue confirmada tanto por el jefe de Prefectura, Guillermo Pa\u00eds, como el jefe de Bomberos, Facundo Correa (en uso de licencia). El derrame se produjo en la tarde en la zona del puerto de la f\u00e1brica de celulosa.<\/p>\n<p>\u201cSe registr\u00f3 una rotura en la manguera de descarga que conecta el barco con la terminal\u201d refiri\u00f3 Pa\u00eds, quien se\u00f1al\u00f3 que por el momento la situaci\u00f3n se encontraba bajo control, aunque resta realizar un relevamiento por el r\u00edo. En principio el qu\u00edmico derram\u00f3 sobre la explanada portuaria.<\/p>\n<p>La empresa realiz\u00f3 una declaraci\u00f3n acerca de la situaci\u00f3n indicando que \u201cen el d\u00eda de hoy y sobre las 17 ocurri\u00f3 un incidente con la descarga del barco de \u00e1cido sulf\u00farico en el muelle de la planta de UPM Fray Bentos a ra\u00edz de una p\u00e9rdida en la manguera de descarga\u201d.<\/p>\n<p>Agrega que la situaci\u00f3n \u201cfue controlada r\u00e1pidamente y contenida en el lugar con la brigada propia de la empresa que actu\u00f3 de acuerdo con los protocolos definidos para estos casos\u201d y que tanto Prefectura como Bomberos de Fray Bentos, al igual que las autoridades ambientales \u201cfueron debidamente informadas de la situaci\u00f3n que no gener\u00f3 afectaciones al ambiente ni a las personas que trabajaban en el lugar\u201d.<\/p>\n<p>La empresa se encontraba realizando tareas de limpieza y recolecci\u00f3n del material en el muelle.<\/p>\n<p>&nbsp;<\/p>\n<p><strong>La peligrosidad del \u00e1cido sulf\u00farico<\/strong><\/p>\n<p>El \u00e1cido sulf\u00farico es un compuesto qu\u00edmico extremadamente corrosivo. Es el que m\u00e1s se produce en el mundo y por eso se utiliza como uno de los tantos medidores de la capacidad industrial de los pa\u00edses. Una gran parte se emplea en la obtenci\u00f3n de fertilizantes fosforados. Tambi\u00e9n se usa para la s\u00edntesis de otros \u00e1cidos y sulfatos y en la industria petroqu\u00edmica.<\/p>\n<p>Generalmente se obtiene a partir de di\u00f3xido de azufre, por oxidaci\u00f3n con \u00f3xidos de nitr\u00f3geno en disoluci\u00f3n acuosa. Normalmente despu\u00e9s se llevan a cabo procesos para conseguir una mayor concentraci\u00f3n del \u00e1cido. Antiguamente se lo denominaba aceite o esp\u00edritu de vitriolo, nombre por el que se conoc\u00edan las sales de sulfato a partir de las cuales se produc\u00eda.<\/p>\n<p>Seg\u00fan el sitio espa\u00f1ol merca2.es, su principal caracter\u00edstica es que \u201ces una sustancia muy corrosiva y muy reactiva, por lo cual requiere un manejo muy cuidadoso. En el caso de contacto con tejidos corporales, provoca efectos directos a\u00fan en bajas concentraciones, pudiendo provocar quemaduras profundas. Adem\u00e1s, su alta reactividad frente a muchos compuestos lo hace peligroso por la generaci\u00f3n de calor, por el potencial de explosi\u00f3n o por la generaci\u00f3n de vapores t\u00f3xicos o inflamables. Por ejemplo, el \u00e1cido sulf\u00farico reacciona violentamente con el agua y compuestos org\u00e1nicos con desprendimiento de calor\u201d.<\/p>\n","protected":false},"excerpt":{"rendered":"<p>\u201cLa situaci\u00f3n fue controlada r\u00e1pidamente y contenida en el lugar con la brigada propia de la empresa\u201d, aseguraron desde la firma &nbsp; &nbsp; Por la rotura en una manguera, se origin\u00f3 un accidente que ocasion\u00f3 un derrame de \u00e1cido sulf\u00farico en la planta de UPM en Fray Bentos, seg\u00fan public\u00f3 anoche Impacto Noticias de esa ciudad. La situaci\u00f3n fue confirmada tanto por el jefe de Prefectura, Guillermo Pa\u00eds, como el jefe de Bomberos, Facundo Correa (en uso de licencia). El derrame se produjo en la tarde en la zona del&#8230;<\/p>\n","protected":false},"author":3,"featured_media":125797,"comment_status":"closed","ping_status":"closed","sticky":false,"template":"","format":"standard","meta":[],"categories":[2],"tags":[],"_links":{"self":[{"href":"https:\/\/www.actualidadadiario.com\/index.php\/wp-json\/wp\/v2\/posts\/125796"}],"collection":[{"href":"https:\/\/www.actualidadadiario.com\/index.php\/wp-json\/wp\/v2\/posts"}],"about":[{"href":"https:\/\/www.actualidadadiario.com\/index.php\/wp-json\/wp\/v2\/types\/post"}],"author":[{"embeddable":true,"href":"https:\/\/www.actualidadadiario.com\/index.php\/wp-json\/wp\/v2\/users\/3"}],"replies":[{"embeddable":true,"href":"https:\/\/www.actualidadadiario.com\/index.php\/wp-json\/wp\/v2\/comments?post=125796"}],"version-history":[{"count":1,"href":"https:\/\/www.actualidadadiario.com\/index.php\/wp-json\/wp\/v2\/posts\/125796\/revisions"}],"predecessor-version":[{"id":125798,"href":"https:\/\/www.actualidadadiario.com\/index.php\/wp-json\/wp\/v2\/posts\/125796\/revisions\/125798"}],"wp:featuredmedia":[{"embeddable":true,"href":"https:\/\/www.actualidadadiario.com\/index.php\/wp-json\/wp\/v2\/media\/125797"}],"wp:attachment":[{"href":"https:\/\/www.actualidadadiario.com\/index.php\/wp-json\/wp\/v2\/media?parent=125796"}],"wp:term":[{"taxonomy":"category","embeddable":true,"href":"https:\/\/www.actualidadadiario.com\/index.php\/wp-json\/wp\/v2\/categories?post=125796"},{"taxonomy":"post_tag","embeddable":true,"href":"https:\/\/www.actualidadadiario.com\/index.php\/wp-json\/wp\/v2\/tags?post=125796"}],"curies":[{"name":"wp","href":"https:\/\/api.w.org\/{rel}","templated":true}]}}