{"id":125789,"date":"2025-03-11T11:19:32","date_gmt":"2025-03-11T14:19:32","guid":{"rendered":"https:\/\/www.actualidadadiario.com\/?p=125789"},"modified":"2025-03-11T11:19:32","modified_gmt":"2025-03-11T14:19:32","slug":"pospusieron-la-reunion-de-diputados-para-analizar-el-proyecto-que-reforma-el-consejo-de-la-magistratura","status":"publish","type":"post","link":"https:\/\/www.actualidadadiario.com\/index.php\/2025\/03\/11\/pospusieron-la-reunion-de-diputados-para-analizar-el-proyecto-que-reforma-el-consejo-de-la-magistratura\/","title":{"rendered":"Pospusieron la reuni\u00f3n de Diputados para analizar el proyecto que reforma el Consejo de la Magistratura"},"content":{"rendered":"<p style=\"text-align: center;\"><em><strong>Estaba pautada para este martes pero se modific\u00f3 para este mi\u00e9rcoles a las 15 el encuentro de la Comisi\u00f3n de Asuntos Constitucionales de la C\u00e1mara de Diputados. Cabe recordar que la Asociaci\u00f3n de la Magistratura y la Funci\u00f3n Judicial de Entre R\u00edos alert\u00f3 por los cambios as\u00ed como magistrados porque consideraron que afectar\u00eda la paridad de g\u00e9nero<\/strong><\/em><\/p>\n<p>&nbsp;<\/p>\n<p>&nbsp;<\/p>\n<p>El encuentro que estaba pautado para este martes r en el Sal\u00f3n de los Pasos Perdidos de la C\u00e1mara de Diputados para analizar el proyecto que establece cambios en el funcionamiento del Consejo de la Magistratura fue trasladado al mi\u00e9rcoles a partir de las 15.<\/p>\n<p>Cabe recordar que la Asociaci\u00f3n de la Magistratura y la Funci\u00f3n Judicial de Entre R\u00edos alert\u00f3 por los cambios que impulsa el Poder Ejecutivo en la redacci\u00f3n de la ley que regula al Consejo de la Magistratura.<\/p>\n<p>Magistrados cuestionaron el proyecto oficial de reforma del Consejo de la Magistratura con duros conceptos<\/p>\n<p>Advirtieron que el proyecto afectar\u00eda la paridad de g\u00e9nero y plantearon que la conformaci\u00f3n de un \u00f3rgano asesor se superpondr\u00eda con la tarea de los consejeros, entre otras cuestiones.<\/p>\n","protected":false},"excerpt":{"rendered":"<p>Estaba pautada para este martes pero se modific\u00f3 para este mi\u00e9rcoles a las 15 el encuentro de la Comisi\u00f3n de Asuntos Constitucionales de la C\u00e1mara de Diputados. Cabe recordar que la Asociaci\u00f3n de la Magistratura y la Funci\u00f3n Judicial de Entre R\u00edos alert\u00f3 por los cambios as\u00ed como magistrados porque consideraron que afectar\u00eda la paridad de g\u00e9nero &nbsp; &nbsp; El encuentro que estaba pautado para este martes r en el Sal\u00f3n de los Pasos Perdidos de la C\u00e1mara de Diputados para analizar el proyecto que establece cambios en el funcionamiento&#8230;<\/p>\n","protected":false},"author":3,"featured_media":125747,"comment_status":"closed","ping_status":"closed","sticky":false,"template":"","format":"standard","meta":[],"categories":[15],"tags":[],"_links":{"self":[{"href":"https:\/\/www.actualidadadiario.com\/index.php\/wp-json\/wp\/v2\/posts\/125789"}],"collection":[{"href":"https:\/\/www.actualidadadiario.com\/index.php\/wp-json\/wp\/v2\/posts"}],"about":[{"href":"https:\/\/www.actualidadadiario.com\/index.php\/wp-json\/wp\/v2\/types\/post"}],"author":[{"embeddable":true,"href":"https:\/\/www.actualidadadiario.com\/index.php\/wp-json\/wp\/v2\/users\/3"}],"replies":[{"embeddable":true,"href":"https:\/\/www.actualidadadiario.com\/index.php\/wp-json\/wp\/v2\/comments?post=125789"}],"version-history":[{"count":1,"href":"https:\/\/www.actualidadadiario.com\/index.php\/wp-json\/wp\/v2\/posts\/125789\/revisions"}],"predecessor-version":[{"id":125790,"href":"https:\/\/www.actualidadadiario.com\/index.php\/wp-json\/wp\/v2\/posts\/125789\/revisions\/125790"}],"wp:featuredmedia":[{"embeddable":true,"href":"https:\/\/www.actualidadadiario.com\/index.php\/wp-json\/wp\/v2\/media\/125747"}],"wp:attachment":[{"href":"https:\/\/www.actualidadadiario.com\/index.php\/wp-json\/wp\/v2\/media?parent=125789"}],"wp:term":[{"taxonomy":"category","embeddable":true,"href":"https:\/\/www.actualidadadiario.com\/index.php\/wp-json\/wp\/v2\/categories?post=125789"},{"taxonomy":"post_tag","embeddable":true,"href":"https:\/\/www.actualidadadiario.com\/index.php\/wp-json\/wp\/v2\/tags?post=125789"}],"curies":[{"name":"wp","href":"https:\/\/api.w.org\/{rel}","templated":true}]}}