{"id":125787,"date":"2025-03-11T11:18:57","date_gmt":"2025-03-11T14:18:57","guid":{"rendered":"https:\/\/www.actualidadadiario.com\/?p=125787"},"modified":"2025-03-11T11:18:57","modified_gmt":"2025-03-11T14:18:57","slug":"hoy-vence-el-plazo-de-presentacion-de-listas-para-definir-las-nuevas-autoridades-del-radicalismo-entrerriano","status":"publish","type":"post","link":"https:\/\/www.actualidadadiario.com\/index.php\/2025\/03\/11\/hoy-vence-el-plazo-de-presentacion-de-listas-para-definir-las-nuevas-autoridades-del-radicalismo-entrerriano\/","title":{"rendered":"Hoy vence el plazo de presentaci\u00f3n de listas para definir las nuevas autoridades del radicalismo entrerriano"},"content":{"rendered":"<p style=\"text-align: center;\"><em><strong>El plazo para la presentaci\u00f3n de listas en las elecciones internas de la Uni\u00f3n C\u00edvica Radical de Entre R\u00edos vence este martes a las 20. Todo indica que habr\u00eda consenso para que el intendente de Concordia, Francisco Azcu\u00e9, se convierta en el nuevo jefe del centenario partido. El 6 de abril son las elecciones y ese d\u00eda se comenzar\u00e1 delinear el futuro del radicalismo entrerriano y su papel en las pr\u00f3ximas elecciones legislativas<\/strong><\/em><\/p>\n<p>&nbsp;<\/p>\n<p>&nbsp;<\/p>\n<p>En unas horas se comenzar\u00e1 a delinear c\u00f3mo quedar\u00e1 el mapa del radicalismo entrerriano durante los pr\u00f3ximos dos a\u00f1os.<\/p>\n<p>Es que este martes a las 20 vence el plazo de presentaci\u00f3n de listas de cara a las elecciones de renovaci\u00f3n de autoridades partidarias previstas para el 6 de abril.<\/p>\n<p>Todo parece indicar que la UCR renovar\u00e1 su conducci\u00f3n partidaria por consenso y que el intendente de Concordia, Francisco Azcu\u00e9, reemplazar\u00e1 a Fuad Sosa en la presidencia del centenario partido.<\/p>\n<p>Su nombre fue motorizado por el gobernador Rogelio Frigerio, cuenta con el gui\u00f1o de amplios sectores de la UCR para encabezar la renovaci\u00f3n partidaria y buscar\u00e1 tener un rol importante en el armado de listas para las pr\u00f3ximas elecciones legislativas.<\/p>\n<p>Si bien el hist\u00f3rico dirigente Alejandro Carb\u00f3 advirti\u00f3 que impugnar\u00e1 la candidatura del joven radical, es altamente probable que el concordiense sortee el obst\u00e1culo y se termine convirtiendo en el nuevo l\u00edder de la UCR de Entre R\u00edos.<\/p>\n<p>&nbsp;<\/p>\n<p><strong>D\u00eda D<\/strong><\/p>\n<p>El 6 de abril no solo se terminar\u00e1 de definir qui\u00e9n conducir\u00e1 al partido a nivel provincial y en cada uno de los comit\u00e9s locales, sino que los ojos estar\u00e1n puestos en c\u00f3mo queda conformado el Congreso Provincial (integrado por casi 400 congresales de toda la provincia), que es el \u00f3rgano institucional m\u00e1s importante del partido y el que tiene la \u00faltima palabra sobre la pol\u00edtica de alianzas.<\/p>\n<p>Es decir, en el marco de un a\u00f1o electoral y con un partido radical desarticulado y debilitado a nivel nacional, la mirada estar\u00e1 puesta en qu\u00e9 decide hacer el radicalismo entrerriano para no seguir perdiendo protagonismo.<\/p>\n<p>La posibilidad de ampliar la alianza que tiene con el PRO -sumando a La Libertad Avanza- es una de las opciones que se baraja, pero ser\u00e1n los congresales radicales los que en definitiva decidan cu\u00e1l es el futuro de su partido y de los principios que represent\u00f3 hist\u00f3ricamente.<\/p>\n","protected":false},"excerpt":{"rendered":"<p>El plazo para la presentaci\u00f3n de listas en las elecciones internas de la Uni\u00f3n C\u00edvica Radical de Entre R\u00edos vence este martes a las 20. Todo indica que habr\u00eda consenso para que el intendente de Concordia, Francisco Azcu\u00e9, se convierta en el nuevo jefe del centenario partido. El 6 de abril son las elecciones y ese d\u00eda se comenzar\u00e1 delinear el futuro del radicalismo entrerriano y su papel en las pr\u00f3ximas elecciones legislativas &nbsp; &nbsp; En unas horas se comenzar\u00e1 a delinear c\u00f3mo quedar\u00e1 el mapa del radicalismo entrerriano durante&#8230;<\/p>\n","protected":false},"author":3,"featured_media":80522,"comment_status":"closed","ping_status":"closed","sticky":false,"template":"","format":"standard","meta":[],"categories":[15],"tags":[],"_links":{"self":[{"href":"https:\/\/www.actualidadadiario.com\/index.php\/wp-json\/wp\/v2\/posts\/125787"}],"collection":[{"href":"https:\/\/www.actualidadadiario.com\/index.php\/wp-json\/wp\/v2\/posts"}],"about":[{"href":"https:\/\/www.actualidadadiario.com\/index.php\/wp-json\/wp\/v2\/types\/post"}],"author":[{"embeddable":true,"href":"https:\/\/www.actualidadadiario.com\/index.php\/wp-json\/wp\/v2\/users\/3"}],"replies":[{"embeddable":true,"href":"https:\/\/www.actualidadadiario.com\/index.php\/wp-json\/wp\/v2\/comments?post=125787"}],"version-history":[{"count":1,"href":"https:\/\/www.actualidadadiario.com\/index.php\/wp-json\/wp\/v2\/posts\/125787\/revisions"}],"predecessor-version":[{"id":125788,"href":"https:\/\/www.actualidadadiario.com\/index.php\/wp-json\/wp\/v2\/posts\/125787\/revisions\/125788"}],"wp:featuredmedia":[{"embeddable":true,"href":"https:\/\/www.actualidadadiario.com\/index.php\/wp-json\/wp\/v2\/media\/80522"}],"wp:attachment":[{"href":"https:\/\/www.actualidadadiario.com\/index.php\/wp-json\/wp\/v2\/media?parent=125787"}],"wp:term":[{"taxonomy":"category","embeddable":true,"href":"https:\/\/www.actualidadadiario.com\/index.php\/wp-json\/wp\/v2\/categories?post=125787"},{"taxonomy":"post_tag","embeddable":true,"href":"https:\/\/www.actualidadadiario.com\/index.php\/wp-json\/wp\/v2\/tags?post=125787"}],"curies":[{"name":"wp","href":"https:\/\/api.w.org\/{rel}","templated":true}]}}