{"id":125783,"date":"2025-03-11T11:17:11","date_gmt":"2025-03-11T14:17:11","guid":{"rendered":"https:\/\/www.actualidadadiario.com\/?p=125783"},"modified":"2025-03-11T11:17:11","modified_gmt":"2025-03-11T14:17:11","slug":"fiscalia-investiga-a-autoridades-de-ater-por-presunto-cobro-irregular-de-impuestos","status":"publish","type":"post","link":"https:\/\/www.actualidadadiario.com\/index.php\/2025\/03\/11\/fiscalia-investiga-a-autoridades-de-ater-por-presunto-cobro-irregular-de-impuestos\/","title":{"rendered":"Fiscal\u00eda investiga a autoridades de ATER por presunto cobro irregular de impuestos"},"content":{"rendered":"<p style=\"text-align: center;\"><em><strong>La imputaci\u00f3n comprende al director ejecutivo y el adjunto, contadores, Jes\u00fas Rafael Korell y Rafael Cardoso, respectivamente. El fiscal Gonzalo Badano les pidi\u00f3 que nombren abogados defensores<\/strong><\/em><\/p>\n<p>&nbsp;<\/p>\n<p>&nbsp;<\/p>\n<p>El fiscal Gonzalo Badano resolvi\u00f3 la apertura de una causa bajo las disposiciones del art\u00edculo 212 del C\u00f3digo Procesal Penal de Entre R\u00edos contra las autoridades de la Administradora Tributaria de Entre R\u00edos (ATER) por presunto cobro irregular de impuestos durante el ejercicio fiscal 2024.<\/p>\n<p>Seg\u00fan la denuncia, la imputaci\u00f3n comprende al director ejecutivo y el adjunto, contadores, Jes\u00fas Rafael Korell y Rafael Cardoso, respectivamente. Se les atribuye que desde ATER habr\u00edan recaudado \u201csin tener previsi\u00f3n normativa que lo sustente\u201d, entre un 20% y un 30% adicional por los impuestos inmobiliario urbano, subrural y rural y automotor\u2026\u201d.<\/p>\n<p>El caso, iniciado el 13 de febrero de 2025 tras una denuncia del abogado Emmanuel Berta Schroder, est\u00e1 vinculado a posibles irregularidades en la recaudaci\u00f3n de la Administradora Tributaria de Entre R\u00edos (ATER) durante el ejercicio fiscal 2024. Badano, dispuso el 18 de febrero la apertura de la causa que comenz\u00f3 a sustanciarse bajo la car\u00e1tula \u201cNN s\/ tipo procedimiento no definido\u201d.<\/p>\n<p>La investigaci\u00f3n que llevar\u00e1 adelante Badano busca esclarecer si entre el 1\u00b0 de enero y el 31 de diciembre de 2024, ATER cobr\u00f3 un adicional del 20% al 30% sobre impuestos inmobiliarios urbanos, subrurales, rurales y automotores sin contar con el respaldo normativo necesario. Dichas medidas estar\u00edan basadas en disposiciones transitorias de la Ley N\u00b0 10.270 que, aunque originalmente expiraban en 2023, habr\u00edan sido supuestamente extendidas.<\/p>\n<p>Entre las primeras medidas adoptadas, la Fiscal\u00eda solicit\u00f3 a ATER que informe si durante 2024 se liquidaron y cobraron los adicionales establecidos en los art\u00edculos 139, 140 y 269 del C\u00f3digo Fiscal provincial. Asimismo, se requiere la remisi\u00f3n de expedientes o constancias que justifiquen el cobro de dichos montos y, de ser el caso, detalles sobre posibles pr\u00f3rrogas gestionadas.<\/p>\n<p>Por otro lado, la Fiscal\u00eda cit\u00f3 a Rafael Orlando Cardoso y Jes\u00fas Rafael Korell para el pr\u00f3ximo 20 de febrero (SIC), a las 12:30 horas, con el objetivo de designar defensa legal en el marco de la causa. Tambi\u00e9n se ha notificado formalmente al Defensor Oficial. En realidad la citaci\u00f3n ser\u00eda para el jueves 20 de marzo, pero en la denuncia no est\u00e1 claro.<\/p>\n<p>La apertura de esta causa subraya la importancia de garantizar la transparencia y el cumplimiento normativo en materia fiscal dentro de la provincia.<\/p>\n","protected":false},"excerpt":{"rendered":"<p>La imputaci\u00f3n comprende al director ejecutivo y el adjunto, contadores, Jes\u00fas Rafael Korell y Rafael Cardoso, respectivamente. El fiscal Gonzalo Badano les pidi\u00f3 que nombren abogados defensores &nbsp; &nbsp; El fiscal Gonzalo Badano resolvi\u00f3 la apertura de una causa bajo las disposiciones del art\u00edculo 212 del C\u00f3digo Procesal Penal de Entre R\u00edos contra las autoridades de la Administradora Tributaria de Entre R\u00edos (ATER) por presunto cobro irregular de impuestos durante el ejercicio fiscal 2024. Seg\u00fan la denuncia, la imputaci\u00f3n comprende al director ejecutivo y el adjunto, contadores, Jes\u00fas Rafael Korell&#8230;<\/p>\n","protected":false},"author":3,"featured_media":42854,"comment_status":"closed","ping_status":"closed","sticky":false,"template":"","format":"standard","meta":[],"categories":[15],"tags":[],"_links":{"self":[{"href":"https:\/\/www.actualidadadiario.com\/index.php\/wp-json\/wp\/v2\/posts\/125783"}],"collection":[{"href":"https:\/\/www.actualidadadiario.com\/index.php\/wp-json\/wp\/v2\/posts"}],"about":[{"href":"https:\/\/www.actualidadadiario.com\/index.php\/wp-json\/wp\/v2\/types\/post"}],"author":[{"embeddable":true,"href":"https:\/\/www.actualidadadiario.com\/index.php\/wp-json\/wp\/v2\/users\/3"}],"replies":[{"embeddable":true,"href":"https:\/\/www.actualidadadiario.com\/index.php\/wp-json\/wp\/v2\/comments?post=125783"}],"version-history":[{"count":1,"href":"https:\/\/www.actualidadadiario.com\/index.php\/wp-json\/wp\/v2\/posts\/125783\/revisions"}],"predecessor-version":[{"id":125784,"href":"https:\/\/www.actualidadadiario.com\/index.php\/wp-json\/wp\/v2\/posts\/125783\/revisions\/125784"}],"wp:featuredmedia":[{"embeddable":true,"href":"https:\/\/www.actualidadadiario.com\/index.php\/wp-json\/wp\/v2\/media\/42854"}],"wp:attachment":[{"href":"https:\/\/www.actualidadadiario.com\/index.php\/wp-json\/wp\/v2\/media?parent=125783"}],"wp:term":[{"taxonomy":"category","embeddable":true,"href":"https:\/\/www.actualidadadiario.com\/index.php\/wp-json\/wp\/v2\/categories?post=125783"},{"taxonomy":"post_tag","embeddable":true,"href":"https:\/\/www.actualidadadiario.com\/index.php\/wp-json\/wp\/v2\/tags?post=125783"}],"curies":[{"name":"wp","href":"https:\/\/api.w.org\/{rel}","templated":true}]}}