{"id":125781,"date":"2025-03-11T11:16:27","date_gmt":"2025-03-11T14:16:27","guid":{"rendered":"https:\/\/www.actualidadadiario.com\/?p=125781"},"modified":"2025-03-11T11:16:27","modified_gmt":"2025-03-11T14:16:27","slug":"arranca-la-vacunacion-contra-aftosa","status":"publish","type":"post","link":"https:\/\/www.actualidadadiario.com\/index.php\/2025\/03\/11\/arranca-la-vacunacion-contra-aftosa\/","title":{"rendered":"Arranca la vacunaci\u00f3n contra aftosa"},"content":{"rendered":"<p style=\"text-align: center;\"><em><strong>En Entre R\u00edos, los productores iniciaron esta semana con la primera campa\u00f1a anual de vacunaci\u00f3n contra aftosa y brucelosis. El operativo alcanzar\u00e1 a la totalidad del rodeo que alcanza las 4,5 millones de cabezas<\/strong><\/em><\/p>\n<p>&nbsp;<\/p>\n<p>&nbsp;<\/p>\n<p>Los productores arrancaron con la primera campa\u00f1a anual de vacunaci\u00f3n contra aftosa y brucelosis en la provincia. El operativo alcanzar\u00e1 a la totalidad del rodeo, unos 4,5 millones de cabezas. El valor de la dosis se fij\u00f3 en 2.050 pesos por dosis aplicada para aftosa y 1.200 m\u00e1s IVA, para brucelosis, durante la asamblea de productores de la Fundaci\u00f3n de Lucha Contra Fiebre Aftosa, de este lunes en Villaguay.<\/p>\n<p>El operativo se extender\u00e1 hasta el 10 de mayo, aproximadamente, de no mediar complicaciones clim\u00e1ticas. En cuanto a brucelosis se inocular\u00e1n las terneras de entre tres y seis meses.<\/p>\n<p>Luis Folmer, titular de la entidad dijo que: \u201cC\u00f3mo todos los a\u00f1os tratamos de administrar razonablemente el presupuesto para lograr que los vacunadores est\u00e9n bien preparados y logren la cobertura de todo el rodeo bovino de la provincia siendo lo m\u00e1s eficaces posibles\u201d, afirm\u00f3 el presidente de Fucofa.<\/p>\n<p>\u201cHoy, comparando con el precio del ternero se ha logrado una vacuna accesible, que ser\u00e1 de 2.050 pesos el precio final aplicado en aftosa y 1.200 m\u00e1s IVA en brucelosis\u201d.<\/p>\n<p>Folmer tambi\u00e9n hizo referencia a la situaci\u00f3n en garrapata, advirtiendo la necesidad de revisar la hacienda, \u201choy nadie puede estar seguro de no tener garrapatas en su campo\u201d, se\u00f1al\u00f3 y reafirm\u00f3 la necesidad de cuidar el status sanitario de Entre R\u00edos.<\/p>\n<p>La tarea de vacunaci\u00f3n, comenz\u00f3 el 10 de marzo y se extender\u00e1 hasta el 10 de mayo. Est\u00e1 a cargo de Fucofa, entidad de los mismos productores, que es administrada a trav\u00e9s de las tres mayores organizaciones de la provincia, Federaci\u00f3n de Asociaciones Rurales de Entre R\u00edos, Federaci\u00f3n Entrerriana de Cooperativas y Federaci\u00f3n Agraria.<\/p>\n","protected":false},"excerpt":{"rendered":"<p>En Entre R\u00edos, los productores iniciaron esta semana con la primera campa\u00f1a anual de vacunaci\u00f3n contra aftosa y brucelosis. El operativo alcanzar\u00e1 a la totalidad del rodeo que alcanza las 4,5 millones de cabezas &nbsp; &nbsp; Los productores arrancaron con la primera campa\u00f1a anual de vacunaci\u00f3n contra aftosa y brucelosis en la provincia. El operativo alcanzar\u00e1 a la totalidad del rodeo, unos 4,5 millones de cabezas. El valor de la dosis se fij\u00f3 en 2.050 pesos por dosis aplicada para aftosa y 1.200 m\u00e1s IVA, para brucelosis, durante la asamblea&#8230;<\/p>\n","protected":false},"author":3,"featured_media":98564,"comment_status":"closed","ping_status":"closed","sticky":false,"template":"","format":"standard","meta":[],"categories":[15],"tags":[],"_links":{"self":[{"href":"https:\/\/www.actualidadadiario.com\/index.php\/wp-json\/wp\/v2\/posts\/125781"}],"collection":[{"href":"https:\/\/www.actualidadadiario.com\/index.php\/wp-json\/wp\/v2\/posts"}],"about":[{"href":"https:\/\/www.actualidadadiario.com\/index.php\/wp-json\/wp\/v2\/types\/post"}],"author":[{"embeddable":true,"href":"https:\/\/www.actualidadadiario.com\/index.php\/wp-json\/wp\/v2\/users\/3"}],"replies":[{"embeddable":true,"href":"https:\/\/www.actualidadadiario.com\/index.php\/wp-json\/wp\/v2\/comments?post=125781"}],"version-history":[{"count":1,"href":"https:\/\/www.actualidadadiario.com\/index.php\/wp-json\/wp\/v2\/posts\/125781\/revisions"}],"predecessor-version":[{"id":125782,"href":"https:\/\/www.actualidadadiario.com\/index.php\/wp-json\/wp\/v2\/posts\/125781\/revisions\/125782"}],"wp:featuredmedia":[{"embeddable":true,"href":"https:\/\/www.actualidadadiario.com\/index.php\/wp-json\/wp\/v2\/media\/98564"}],"wp:attachment":[{"href":"https:\/\/www.actualidadadiario.com\/index.php\/wp-json\/wp\/v2\/media?parent=125781"}],"wp:term":[{"taxonomy":"category","embeddable":true,"href":"https:\/\/www.actualidadadiario.com\/index.php\/wp-json\/wp\/v2\/categories?post=125781"},{"taxonomy":"post_tag","embeddable":true,"href":"https:\/\/www.actualidadadiario.com\/index.php\/wp-json\/wp\/v2\/tags?post=125781"}],"curies":[{"name":"wp","href":"https:\/\/api.w.org\/{rel}","templated":true}]}}