{"id":125778,"date":"2025-03-11T11:15:46","date_gmt":"2025-03-11T14:15:46","guid":{"rendered":"https:\/\/www.actualidadadiario.com\/?p=125778"},"modified":"2025-03-11T11:15:46","modified_gmt":"2025-03-11T14:15:46","slug":"una-entrerriana-forma-parte-de-la-nueva-conduccion-de-la-fua","status":"publish","type":"post","link":"https:\/\/www.actualidadadiario.com\/index.php\/2025\/03\/11\/una-entrerriana-forma-parte-de-la-nueva-conduccion-de-la-fua\/","title":{"rendered":"Una entrerriana forma parte de la nueva conducci\u00f3n de la FUA"},"content":{"rendered":"<p style=\"text-align: center;\"><em><strong>El viernes 7 de marzo asumieron las nuevas autoridades de la mesa ejecutiva y directiva de la Federaci\u00f3n Universitaria Argentina (FUA). La entrerriana Tamara Godoy, estudiante de la Facultad de Ciencias Econ\u00f3micas, forma parte de la nueva conducci\u00f3n de la organizaci\u00f3n estudiantil<\/strong><\/em><\/p>\n<p>&nbsp;<\/p>\n<p>&nbsp;<\/p>\n<p>La asunci\u00f3n se realiz\u00f3 luego del 32\u00b0 Congreso que se llev\u00f3 a cabo el 21 de febrero pasado, en el cual participaron todas las fuerzas pol\u00edticas y sociales con vida en los centros de estudiantes: Franja Morada, MNR, Sur, la JUP, La C\u00e1mpora, La Cepa, La Mella, el MUC y el Movimiento Evita.<\/p>\n<p>Tamara Godoy, estudiante de Ciencias Econ\u00f3micas de la Universidad Nacional de Entre R\u00edos (UNER) e integrante del MNR (Movimiento Nacional Reformista), se destac\u00f3 en el 32\u00ba Congreso de la Federaci\u00f3n Universitaria Argentina (FUA), \u00f3rgano in\u00e9dito a nivel mundial por los m\u00e1s de 2.000.000 de estudiantes universitarios que representa.<\/p>\n<p>Durante el congreso, Godoy expres\u00f3 con orgullo: \u201cPara todos los reformistas, los que creemos en la educaci\u00f3n p\u00fablica, en el cogobierno, en la libertad de c\u00e1tedra y en el acceso irrestricto a la universidad, es un enorme orgullo poder ser parte de esta conducci\u00f3n nacional, luego de haber normalizado nuestra Federaci\u00f3n universitaria de Entre R\u00edos en 2024\u201d.<\/p>\n<p>En el marco del evento, asumieron como presidente de la junta ejecutiva Joaqu\u00edn Carvalho (Franja Morada &#8211; Universidad Nacional de Rosario), mientras que Tamara Godoy (MNR &#8211; Universidad Nacional de Entre R\u00edos); asumi\u00f3 la secretar\u00eda de asuntos pedag\u00f3gicos que a integra la Comisi\u00f3n Directiva de la FUA.<\/p>\n<p>En su nuevo cargo, reafirm\u00f3 su compromiso con la defensa de una educaci\u00f3n p\u00fablica y gratuita, calific\u00e1ndola como \u201cla \u00fanica herramienta que tenemos los j\u00f3venes y, sobre todo, aquellos con menos recursos, para ascender socialmente\u201d.<\/p>\n<p>Adem\u00e1s, destac\u00f3 que la educaci\u00f3n es la mejor v\u00eda para construir una sociedad m\u00e1s justa y equitativa.<\/p>\n","protected":false},"excerpt":{"rendered":"<p>El viernes 7 de marzo asumieron las nuevas autoridades de la mesa ejecutiva y directiva de la Federaci\u00f3n Universitaria Argentina (FUA). La entrerriana Tamara Godoy, estudiante de la Facultad de Ciencias Econ\u00f3micas, forma parte de la nueva conducci\u00f3n de la organizaci\u00f3n estudiantil &nbsp; &nbsp; La asunci\u00f3n se realiz\u00f3 luego del 32\u00b0 Congreso que se llev\u00f3 a cabo el 21 de febrero pasado, en el cual participaron todas las fuerzas pol\u00edticas y sociales con vida en los centros de estudiantes: Franja Morada, MNR, Sur, la JUP, La C\u00e1mpora, La Cepa, La&#8230;<\/p>\n","protected":false},"author":3,"featured_media":125779,"comment_status":"closed","ping_status":"closed","sticky":false,"template":"","format":"standard","meta":[],"categories":[15],"tags":[],"_links":{"self":[{"href":"https:\/\/www.actualidadadiario.com\/index.php\/wp-json\/wp\/v2\/posts\/125778"}],"collection":[{"href":"https:\/\/www.actualidadadiario.com\/index.php\/wp-json\/wp\/v2\/posts"}],"about":[{"href":"https:\/\/www.actualidadadiario.com\/index.php\/wp-json\/wp\/v2\/types\/post"}],"author":[{"embeddable":true,"href":"https:\/\/www.actualidadadiario.com\/index.php\/wp-json\/wp\/v2\/users\/3"}],"replies":[{"embeddable":true,"href":"https:\/\/www.actualidadadiario.com\/index.php\/wp-json\/wp\/v2\/comments?post=125778"}],"version-history":[{"count":1,"href":"https:\/\/www.actualidadadiario.com\/index.php\/wp-json\/wp\/v2\/posts\/125778\/revisions"}],"predecessor-version":[{"id":125780,"href":"https:\/\/www.actualidadadiario.com\/index.php\/wp-json\/wp\/v2\/posts\/125778\/revisions\/125780"}],"wp:featuredmedia":[{"embeddable":true,"href":"https:\/\/www.actualidadadiario.com\/index.php\/wp-json\/wp\/v2\/media\/125779"}],"wp:attachment":[{"href":"https:\/\/www.actualidadadiario.com\/index.php\/wp-json\/wp\/v2\/media?parent=125778"}],"wp:term":[{"taxonomy":"category","embeddable":true,"href":"https:\/\/www.actualidadadiario.com\/index.php\/wp-json\/wp\/v2\/categories?post=125778"},{"taxonomy":"post_tag","embeddable":true,"href":"https:\/\/www.actualidadadiario.com\/index.php\/wp-json\/wp\/v2\/tags?post=125778"}],"curies":[{"name":"wp","href":"https:\/\/api.w.org\/{rel}","templated":true}]}}