{"id":125764,"date":"2025-03-10T10:38:18","date_gmt":"2025-03-10T13:38:18","guid":{"rendered":"https:\/\/www.actualidadadiario.com\/?p=125764"},"modified":"2025-03-10T10:38:18","modified_gmt":"2025-03-10T13:38:18","slug":"bravo-nego-una-privatizacion-de-las-termas-y-critico-a-concejales-de-la-oposicion","status":"publish","type":"post","link":"https:\/\/www.actualidadadiario.com\/index.php\/2025\/03\/10\/bravo-nego-una-privatizacion-de-las-termas-y-critico-a-concejales-de-la-oposicion\/","title":{"rendered":"Bravo neg\u00f3 una privatizaci\u00f3n de las termas y critic\u00f3 a concejales de la oposici\u00f3n"},"content":{"rendered":"<p style=\"text-align: center;\"><em><strong>El Presidente Municipal de la ciudad de Federaci\u00f3n Ricardo Bravo, se expres\u00f3 y posicion\u00f3 en\u00e9rgicamente ante la pol\u00e9mica generada por el Bloque de Concejales de Juntos por el Cambio despu\u00e9s de la apertura del Periodo Legislativo 2025<\/strong><\/em><\/p>\n<p>&nbsp;<\/p>\n<p>&nbsp;<\/p>\n<p>Seg\u00fan se\u00f1alan desde el municipio la oposici\u00f3n, &#8220;de manera intencionada y principalmente medi\u00e1tica quisieron instalar, a trav\u00e9s de algunos medios de comunicaci\u00f3n y redes, la intenci\u00f3n del Intendente de Privatizar las Termas&#8221;. Planteo que &#8220;fue r\u00e1pidamente desechada tanto por el Intendente mismo, como funcionarios, referentes pol\u00edticos y un fuerte posicionamiento del Bloque de Concejales del Justicialismo&#8221;, remarcaron.<\/p>\n<p>El Intendente Bravo manifest\u00f3 \u201clas Termas no se van a privatizar hoy y nunca. Los Federaenses jam\u00e1s permitiremos un accionar que est\u00e9 en contra de los intereses generales de nuestros vecinos y vecinas\u201d. Adem\u00e1s, \u201cpor mis convicciones ideol\u00f3gicas estoy muy lejos de las Privatizaciones de los recursos del estado&#8221;, remarc\u00f3.<\/p>\n<p>A la vez que se\u00f1al\u00f3 que \u201ccomo oposici\u00f3n tienen la responsabilidad de construir sin mentiras. Abrazo grande, buen domingo\u201d.<\/p>\n<p>&nbsp;<\/p>\n<p><strong>Bloque del oficialismo<\/strong><\/p>\n<p>Por su parte, el Bloque de Concejales Justicialistas ya se hab\u00eda manifestado fuertemente con un Documento que expresa textualmente:<\/p>\n<p><em>&#8220;Llamamos a la reflexi\u00f3n a los Concejales de la Oposici\u00f3n para evitar falsas alertas debido a una operaci\u00f3n medi\u00e1tica. Desde el Bloque de Concejales Justicialistas nos vemos sorprendidos ante la actitud del Bloque de Cambiemos expresada en una reciente publicaci\u00f3n period\u00edstica, con una clara intenci\u00f3n de sacar de contexto palabras vertidas por nuestro intendente en el acto de apertura de las legislativas para este a\u00f1o. Ricardo Bravo no se pronunci\u00f3 sobre una privatizaci\u00f3n de nada y en particular de un sector de termas en ning\u00fan tramo de su discurso.<\/em><\/p>\n<p><em>Consideramos que este accionar medi\u00e1tico negligente del bloque de la oposici\u00f3n tiene como \u00fanico objetivo llevar a la desinformaci\u00f3n para provocar una falsa alarma, lo cual no tiene sentido, en la sociedad federaense.<\/em><\/p>\n<p><em>La mentira como fin maligno, ya no tiene cabida en una sociedad que soporta las desidias de los gobiernos nacionales y provinciales, los cuales abandonaron a nuestra ciudad en este tiempo, y pretenden acompa\u00f1ar sus mentiras e inoperancia con operaciones medi\u00e1ticas.<\/em><\/p>\n<p><em>Esperamos que los integrantes del bloque mencionado, se llamen a la reflexi\u00f3n, razonen y rectifiquen lo expresado en la prensa&#8221;.<\/em><\/p>\n","protected":false},"excerpt":{"rendered":"<p>El Presidente Municipal de la ciudad de Federaci\u00f3n Ricardo Bravo, se expres\u00f3 y posicion\u00f3 en\u00e9rgicamente ante la pol\u00e9mica generada por el Bloque de Concejales de Juntos por el Cambio despu\u00e9s de la apertura del Periodo Legislativo 2025 &nbsp; &nbsp; Seg\u00fan se\u00f1alan desde el municipio la oposici\u00f3n, &#8220;de manera intencionada y principalmente medi\u00e1tica quisieron instalar, a trav\u00e9s de algunos medios de comunicaci\u00f3n y redes, la intenci\u00f3n del Intendente de Privatizar las Termas&#8221;. Planteo que &#8220;fue r\u00e1pidamente desechada tanto por el Intendente mismo, como funcionarios, referentes pol\u00edticos y un fuerte posicionamiento del&#8230;<\/p>\n","protected":false},"author":3,"featured_media":109509,"comment_status":"closed","ping_status":"closed","sticky":false,"template":"","format":"standard","meta":[],"categories":[15],"tags":[],"_links":{"self":[{"href":"https:\/\/www.actualidadadiario.com\/index.php\/wp-json\/wp\/v2\/posts\/125764"}],"collection":[{"href":"https:\/\/www.actualidadadiario.com\/index.php\/wp-json\/wp\/v2\/posts"}],"about":[{"href":"https:\/\/www.actualidadadiario.com\/index.php\/wp-json\/wp\/v2\/types\/post"}],"author":[{"embeddable":true,"href":"https:\/\/www.actualidadadiario.com\/index.php\/wp-json\/wp\/v2\/users\/3"}],"replies":[{"embeddable":true,"href":"https:\/\/www.actualidadadiario.com\/index.php\/wp-json\/wp\/v2\/comments?post=125764"}],"version-history":[{"count":1,"href":"https:\/\/www.actualidadadiario.com\/index.php\/wp-json\/wp\/v2\/posts\/125764\/revisions"}],"predecessor-version":[{"id":125765,"href":"https:\/\/www.actualidadadiario.com\/index.php\/wp-json\/wp\/v2\/posts\/125764\/revisions\/125765"}],"wp:featuredmedia":[{"embeddable":true,"href":"https:\/\/www.actualidadadiario.com\/index.php\/wp-json\/wp\/v2\/media\/109509"}],"wp:attachment":[{"href":"https:\/\/www.actualidadadiario.com\/index.php\/wp-json\/wp\/v2\/media?parent=125764"}],"wp:term":[{"taxonomy":"category","embeddable":true,"href":"https:\/\/www.actualidadadiario.com\/index.php\/wp-json\/wp\/v2\/categories?post=125764"},{"taxonomy":"post_tag","embeddable":true,"href":"https:\/\/www.actualidadadiario.com\/index.php\/wp-json\/wp\/v2\/tags?post=125764"}],"curies":[{"name":"wp","href":"https:\/\/api.w.org\/{rel}","templated":true}]}}