{"id":125749,"date":"2025-03-07T15:00:19","date_gmt":"2025-03-07T18:00:19","guid":{"rendered":"https:\/\/www.actualidadadiario.com\/?p=125749"},"modified":"2025-03-07T15:00:19","modified_gmt":"2025-03-07T18:00:19","slug":"advierten-que-si-el-senado-rechaza-el-pliego-de-un-juez-de-la-corte-en-comision-deberia-dejar-el-cargo","status":"publish","type":"post","link":"https:\/\/www.actualidadadiario.com\/index.php\/2025\/03\/07\/advierten-que-si-el-senado-rechaza-el-pliego-de-un-juez-de-la-corte-en-comision-deberia-dejar-el-cargo\/","title":{"rendered":"Advierten que si el Senado rechaza el pliego de un juez de la Corte en comisi\u00f3n, deber\u00eda dejar el cargo"},"content":{"rendered":"<p style=\"text-align: center;\"><em><strong>\u201cUn decreto simple firmado por el presidente no puede estar nunca por encima del Senado, que es lo que establece la Constituci\u00f3n\u201d, interpret\u00f3 la presidenta de la Comisi\u00f3n de Acuerdos del Senado<\/strong><\/em><\/p>\n<p>&nbsp;<\/p>\n<p>&nbsp;<\/p>\n<p>Ante la controversia generada en torno a las designaciones por decreto de dos jueces en la Corte Suprema y la potestad que tiene el Senado para decidir el destino de los mismos, la presidenta de la Comisi\u00f3n de Acuerdos, Guadalupe Tagliaferri, aclar\u00f3 este viernes que el decreto de Javier Milei que design\u00f3 a Ariel Lijo y Manuel Garc\u00eda-Mansilla \u201cno tiene que ser tratado en el Congreso\u201d.<\/p>\n<p>\u201cEs un decreto administrativo, no es un DNU\u201d, que s\u00ed va al Parlamento. Y precis\u00f3 que \u201clo que tiene que ser tratado en el Senado, como dice la Constituci\u00f3n, son los dos pliegos enviados por el Poder Ejecutivo. Y eso es lo que tiene que suceder, para darle robustez, institucionalidad y certeza al andamiaje jur\u00eddico de la Argentina: que los jueces de la Corte Suprema sean tratados en el recinto del Senado y que sean los senadores quienes digan si los jueces est\u00e1n o no est\u00e1n\u201d.<\/p>\n<p>La senadora del Pro estim\u00f3 que \u201chay una enorme mayor\u00eda de senadores que consideran que (el tema) lo tiene que resolver el Senado. El decreto no se somete a consideraci\u00f3n de los senadores; solamente los candidatos\u201d.<\/p>\n<p>Ante la posibilidad de que los dos pliegos sean tratados en el pleno, por Radio Mitre le plantearon las diferencias entre ambos casos, dado que el de Garc\u00eda-Mansilla no tiene dictamen todav\u00eda. Igual se puede tratar en el recinto, aclar\u00f3 la senadora Tagliaferri. \u201cNo es condici\u00f3n sine qua non, habilitarlo sobre tablas lo hace m\u00e1s dificultoso, pero no es que est\u00e1 inhabilitado de ser tratado en el recinto\u201d, enfatiz\u00f3.<\/p>\n<p>\u00bfLas dos designaciones podr\u00edan ser reconsideradas all\u00ed? \u201cLa Constituci\u00f3n es muy clara: la facultad de designar a los jueces de la Corte la tiene que dar la aprobaci\u00f3n del Senado\u201d, remarc\u00f3 la senadora del Pro. Y agreg\u00f3 que \u201clo que dice la reglamentaci\u00f3n es que duran hasta el (final del) per\u00edodo legislativo. No es que significa que es obligatorio que sigan hasta esa fecha\u201d. Record\u00f3 Tagliaferri que la \u00fanica jurisprudencia que existe es con un juez que estaba desde la dictadura. \u201cEl Senado estaba cerrado; cuando enviaron el pliego de la Corte al Senado, el Cuerpo lo rechaz\u00f3 e inmediatamente se fue a su casa\u201d.<\/p>\n<p>\u201cPero que estemos discutiendo de todo esto es lo que da incertidumbre jur\u00eddica -observ\u00f3 Tagliaferri-. La lectura que nosotros hacemos es que el Senado no pierde una facultad constitucional. La facultad constitucional de elegir o no dar aprobaci\u00f3n a los jueces es del Senado\u201d.<\/p>\n<p>Admiti\u00f3 que el presidente tiene un margen en situaci\u00f3n del Senado cerrado, lo cual hace que sea constitucional que haya firmado el reciente decreto. Pero cuando abre el Senado, esa c\u00e1mara tiene la obligaci\u00f3n de tratarlos. \u201cY si son aprobados, tienen la robustez de que son vitalicios; y si no son aprobados, dejan de ser jueces por decreto\u201d, resumi\u00f3.<\/p>\n<p>Tagliaferri insisti\u00f3 en que \u201cla Constituci\u00f3n es clara: \u00bfde qui\u00e9n es la potestad de dar acuerdo, del Poder Ejecutivo o del Senado? Del Senado. El Senado no da acuerdo, no son m\u00e1s jueces. Tambi\u00e9n puede pasar que vayan al Senado y tengan acuerdo, con lo cual es mejor resolver esto que estamos hace diez d\u00edas discutiendo si vale, si no vale, si dura, si se caen\u2026 que es la demostraci\u00f3n de que el decreto lastima la certidumbre jur\u00eddica\u201d.<\/p>\n<p>Ante la pregunta sobre el destino de los jueces nombrados en comisi\u00f3n si el Senado trata sus pliegos y los rechaza. \u201cEn mi interpretaci\u00f3n y la de muchos constitucionalistas, es que inmediatamente deja de ser juez de la Corte\u201d, respondi\u00f3 Tagliaferri.<\/p>\n<p>\u201cVayamos al esp\u00edritu de la ley: un decreto simple firmado por el presidente no puede estar nunca por encima del Senado, que es lo que establece la Constituci\u00f3n. Yo entiendo la buena voluntad, pero todo esto lastima, primero a la Corte Suprema, lastima a la seguridad jur\u00eddica, lastima al propio presidente\u201d.<\/p>\n<p>Por \u00faltimo la presidenta de la Comisi\u00f3n de Acuerdos apunt\u00f3 que en el caso de que el presidente los mantuviera en el cargo ante un rechazo del pliego por parte del Senado, el mandatario \u201cgana la discusi\u00f3n, (el juez) dura hasta noviembre. \u00bfQu\u00e9 hace el presidente? Vuelve a mandar el pliego en octubre\u2026 \u00bfQu\u00e9 va a hacer el Senado? Se lo rechaza nuevamente. Entonces va a estar un a\u00f1o entero con una Corte Suprema que est\u00e1 provisoria y que todo el mundo sabe que en noviembre lo va a rechazar. Eso lastima la instituci\u00f3n\u201d.<\/p>\n","protected":false},"excerpt":{"rendered":"<p>\u201cUn decreto simple firmado por el presidente no puede estar nunca por encima del Senado, que es lo que establece la Constituci\u00f3n\u201d, interpret\u00f3 la presidenta de la Comisi\u00f3n de Acuerdos del Senado &nbsp; &nbsp; Ante la controversia generada en torno a las designaciones por decreto de dos jueces en la Corte Suprema y la potestad que tiene el Senado para decidir el destino de los mismos, la presidenta de la Comisi\u00f3n de Acuerdos, Guadalupe Tagliaferri, aclar\u00f3 este viernes que el decreto de Javier Milei que design\u00f3 a Ariel Lijo y&#8230;<\/p>\n","protected":false},"author":3,"featured_media":125750,"comment_status":"closed","ping_status":"closed","sticky":false,"template":"","format":"standard","meta":[],"categories":[18],"tags":[],"_links":{"self":[{"href":"https:\/\/www.actualidadadiario.com\/index.php\/wp-json\/wp\/v2\/posts\/125749"}],"collection":[{"href":"https:\/\/www.actualidadadiario.com\/index.php\/wp-json\/wp\/v2\/posts"}],"about":[{"href":"https:\/\/www.actualidadadiario.com\/index.php\/wp-json\/wp\/v2\/types\/post"}],"author":[{"embeddable":true,"href":"https:\/\/www.actualidadadiario.com\/index.php\/wp-json\/wp\/v2\/users\/3"}],"replies":[{"embeddable":true,"href":"https:\/\/www.actualidadadiario.com\/index.php\/wp-json\/wp\/v2\/comments?post=125749"}],"version-history":[{"count":1,"href":"https:\/\/www.actualidadadiario.com\/index.php\/wp-json\/wp\/v2\/posts\/125749\/revisions"}],"predecessor-version":[{"id":125751,"href":"https:\/\/www.actualidadadiario.com\/index.php\/wp-json\/wp\/v2\/posts\/125749\/revisions\/125751"}],"wp:featuredmedia":[{"embeddable":true,"href":"https:\/\/www.actualidadadiario.com\/index.php\/wp-json\/wp\/v2\/media\/125750"}],"wp:attachment":[{"href":"https:\/\/www.actualidadadiario.com\/index.php\/wp-json\/wp\/v2\/media?parent=125749"}],"wp:term":[{"taxonomy":"category","embeddable":true,"href":"https:\/\/www.actualidadadiario.com\/index.php\/wp-json\/wp\/v2\/categories?post=125749"},{"taxonomy":"post_tag","embeddable":true,"href":"https:\/\/www.actualidadadiario.com\/index.php\/wp-json\/wp\/v2\/tags?post=125749"}],"curies":[{"name":"wp","href":"https:\/\/api.w.org\/{rel}","templated":true}]}}