{"id":125742,"date":"2025-03-07T14:10:53","date_gmt":"2025-03-07T17:10:53","guid":{"rendered":"https:\/\/www.actualidadadiario.com\/?p=125742"},"modified":"2025-03-07T14:10:53","modified_gmt":"2025-03-07T17:10:53","slug":"frigerio-recibio-a-los-gremios-docentes","status":"publish","type":"post","link":"https:\/\/www.actualidadadiario.com\/index.php\/2025\/03\/07\/frigerio-recibio-a-los-gremios-docentes\/","title":{"rendered":"Frigerio recibi\u00f3 a los gremios docentes"},"content":{"rendered":"<p style=\"text-align: center;\"><em><strong>El Gobernador volvi\u00f3 a recibir a los representantes de los sindicatos docentes de la provincia y resalt\u00f3 el acuerdo salarial al que se arrib\u00f3 con el sector. Saldada la discusi\u00f3n sobre los sueldos, adelant\u00f3 que la intenci\u00f3n es que este a\u00f1o el debate se centre en mejorar la calidad educativa: en lo que ense\u00f1an los docentes y en lo que aprenden los alumnos. Agmer resalt\u00f3 que el mandatario demostr\u00f3 conocer las problem\u00e1ticas de la docencia entrerriana<\/strong><\/em><\/p>\n<p>&nbsp;<\/p>\n<p>&nbsp;<\/p>\n<p>Tras el acuerdo salarial que se alcanz\u00f3 este jueves, el gobernador Rogelio Frigerio y parte de su gabinete recibieron en la Casa Gris a representantes de los cuatro sindicatos docentes de Entre R\u00edos: Agmer, AMET, Sadop y UDA.<\/p>\n<p>En ese marco, el mandatario subray\u00f3 que el acuerdo salarial al que se arrib\u00f3 \u201ces bastante inusual\u201d porque abarca todo el 2025 y resalt\u00f3 que &#8220;solo dos provincias (Entre R\u00edos y Neuqu\u00e9n) firmaron un pacto paritario anual\u201d.<\/p>\n<p>El hecho de que el debate salarial est\u00e9 cerrado \u201ces una gran oportunidad para que el debate este a\u00f1o se pueda centrar en la calidad educativa: en lo que ense\u00f1an los docentes y en lo que aprenden los alumnos en las escuelas entrerrianas\u201d, consider\u00f3 Frigerio.<\/p>\n<p>En este sentido, adelant\u00f3 que \u201cla formaci\u00f3n docente, la evaluaci\u00f3n de los alumnos, la curr\u00edcula, la infraestructura, la alimentaci\u00f3n de los alumnos y otros \u00edtems formar\u00e1n parte de un debate que es prioritario\u201d.<\/p>\n<p>Por su parte, el ministro de Gobierno y Trabajo de Entre R\u00edos, Manuel Troncoso, brind\u00f3 detalles del acuerdo, sostuvo que \u201ctiene un gran alcance\u201d y que \u201cincluye numerosos \u00edtem\u201d.<\/p>\n<p>En tal sentido, indic\u00f3 se trata de un acuerdo paritario para todo el 2025 que contempla una actualizaci\u00f3n mensual de los salarios seg\u00fan IPC; cambios en la base de c\u00e1lculo tres veces en el a\u00f1o (marzo, agosto y noviembre); una suma fija remunerativa y bonificable por docente a partir de los 10 a\u00f1os de antig\u00fcedad; aumento del 10,7% para el fondo de incentivo docente y conectividad; y la implementaci\u00f3n de un boleto docente urbano.<\/p>\n<p>En tanto, la presidenta del Consejo General de Educaci\u00f3n (CGE), Alicia Fregonese, asever\u00f3 que la agenda de este a\u00f1o \u201cse centrar\u00e1 en lo pedag\u00f3gico: mejora de la jerarquizaci\u00f3n docente, reformas en la formaci\u00f3n docente, acompa\u00f1amiento a los directivos, debate son el rol de los supervisores, etc\u201d.<\/p>\n<p>&nbsp;<\/p>\n<p><strong>Agmer destac\u00f3 la reuni\u00f3n con Frigerio<\/strong><\/p>\n<p>Tras el encuentro, el secretario General de la Asociaci\u00f3n Gremial del Magisterio de Entre R\u00edos (Agmer), Marcelo Pagani, destac\u00f3 la posibilidad de haberse podido reunir con el gobernador, con quien se hizo &#8220;un repaso una amplia agenda que no solo tiene que ver con lo salarial, sino tambi\u00e9n con otras cuestiones como infraestructura, condiciones de trabajo, procesos de estabilidad laboral, etc\u201d.<\/p>\n<p>\u201cEl gobernador demostr\u00f3 un conocimiento de las problem\u00e1ticas que le planteamos\u201d, resalt\u00f3 luego.<\/p>\n<p>Finalmente, indic\u00f3 que \u201cel acuerdo resguarda nuestro salario\u201d y adelant\u00f3 que se trabajar\u00e1 \u201cpara corregir paulatinamente al achatamiento que tiene el escalaf\u00f3n docente\u201d.<\/p>\n","protected":false},"excerpt":{"rendered":"<p>El Gobernador volvi\u00f3 a recibir a los representantes de los sindicatos docentes de la provincia y resalt\u00f3 el acuerdo salarial al que se arrib\u00f3 con el sector. Saldada la discusi\u00f3n sobre los sueldos, adelant\u00f3 que la intenci\u00f3n es que este a\u00f1o el debate se centre en mejorar la calidad educativa: en lo que ense\u00f1an los docentes y en lo que aprenden los alumnos. Agmer resalt\u00f3 que el mandatario demostr\u00f3 conocer las problem\u00e1ticas de la docencia entrerriana &nbsp; &nbsp; Tras el acuerdo salarial que se alcanz\u00f3 este jueves, el gobernador Rogelio&#8230;<\/p>\n","protected":false},"author":3,"featured_media":125744,"comment_status":"closed","ping_status":"closed","sticky":false,"template":"","format":"standard","meta":[],"categories":[15],"tags":[],"_links":{"self":[{"href":"https:\/\/www.actualidadadiario.com\/index.php\/wp-json\/wp\/v2\/posts\/125742"}],"collection":[{"href":"https:\/\/www.actualidadadiario.com\/index.php\/wp-json\/wp\/v2\/posts"}],"about":[{"href":"https:\/\/www.actualidadadiario.com\/index.php\/wp-json\/wp\/v2\/types\/post"}],"author":[{"embeddable":true,"href":"https:\/\/www.actualidadadiario.com\/index.php\/wp-json\/wp\/v2\/users\/3"}],"replies":[{"embeddable":true,"href":"https:\/\/www.actualidadadiario.com\/index.php\/wp-json\/wp\/v2\/comments?post=125742"}],"version-history":[{"count":1,"href":"https:\/\/www.actualidadadiario.com\/index.php\/wp-json\/wp\/v2\/posts\/125742\/revisions"}],"predecessor-version":[{"id":125745,"href":"https:\/\/www.actualidadadiario.com\/index.php\/wp-json\/wp\/v2\/posts\/125742\/revisions\/125745"}],"wp:featuredmedia":[{"embeddable":true,"href":"https:\/\/www.actualidadadiario.com\/index.php\/wp-json\/wp\/v2\/media\/125744"}],"wp:attachment":[{"href":"https:\/\/www.actualidadadiario.com\/index.php\/wp-json\/wp\/v2\/media?parent=125742"}],"wp:term":[{"taxonomy":"category","embeddable":true,"href":"https:\/\/www.actualidadadiario.com\/index.php\/wp-json\/wp\/v2\/categories?post=125742"},{"taxonomy":"post_tag","embeddable":true,"href":"https:\/\/www.actualidadadiario.com\/index.php\/wp-json\/wp\/v2\/tags?post=125742"}],"curies":[{"name":"wp","href":"https:\/\/api.w.org\/{rel}","templated":true}]}}