{"id":125739,"date":"2025-03-07T14:08:57","date_gmt":"2025-03-07T17:08:57","guid":{"rendered":"https:\/\/www.actualidadadiario.com\/?p=125739"},"modified":"2025-03-07T14:08:57","modified_gmt":"2025-03-07T17:08:57","slug":"el-gobierno-y-los-gremios-estatales-dieron-inicio-a-la-paritaria-2025","status":"publish","type":"post","link":"https:\/\/www.actualidadadiario.com\/index.php\/2025\/03\/07\/el-gobierno-y-los-gremios-estatales-dieron-inicio-a-la-paritaria-2025\/","title":{"rendered":"El gobierno y los gremios estatales dieron inicio a la paritaria 2025"},"content":{"rendered":"<p style=\"text-align: center;\"><em><strong>Autoridades del gobierno provincial y representantes de la Uni\u00f3n del Personal Civil de la Naci\u00f3n (UPCN) y Asociaci\u00f3n Trabajadores del Estado (ATE), dieron inicio a la paritaria. Hubo planteos de las entidades y se pas\u00f3 a un cuarto intermedio para el mi\u00e9rcoles 12 de marzo a las 15<\/strong><\/em><\/p>\n<p>&nbsp;<\/p>\n<p>&nbsp;<\/p>\n<p>&#8220;Valoramos este espacio de negociaci\u00f3n con los gremios estatales ATE y UPCN. Escuchamos las inquietudes, demandas y propuestas de los trabajadores del sector p\u00fablico&#8221;, indic\u00f3 el miembro paritario, Abelardo Del Prado.<\/p>\n<p>El funcionario explic\u00f3 que se evaluar\u00e1n las propuestas presentadas &#8220;y seguiremos trabajando para lograr una propuesta seria y responsable, que podamos cumplir y que permita estar mejor a nuestros trabajadores&#8221;.<\/p>\n<p>Participaron del encuentro, Carina Dom\u00ednguez por UPCN y Oscar Muntes por ATE.<\/p>\n","protected":false},"excerpt":{"rendered":"<p>Autoridades del gobierno provincial y representantes de la Uni\u00f3n del Personal Civil de la Naci\u00f3n (UPCN) y Asociaci\u00f3n Trabajadores del Estado (ATE), dieron inicio a la paritaria. Hubo planteos de las entidades y se pas\u00f3 a un cuarto intermedio para el mi\u00e9rcoles 12 de marzo a las 15 &nbsp; &nbsp; &#8220;Valoramos este espacio de negociaci\u00f3n con los gremios estatales ATE y UPCN. Escuchamos las inquietudes, demandas y propuestas de los trabajadores del sector p\u00fablico&#8221;, indic\u00f3 el miembro paritario, Abelardo Del Prado. El funcionario explic\u00f3 que se evaluar\u00e1n las propuestas presentadas&#8230;<\/p>\n","protected":false},"author":3,"featured_media":125740,"comment_status":"closed","ping_status":"closed","sticky":false,"template":"","format":"standard","meta":[],"categories":[15],"tags":[],"_links":{"self":[{"href":"https:\/\/www.actualidadadiario.com\/index.php\/wp-json\/wp\/v2\/posts\/125739"}],"collection":[{"href":"https:\/\/www.actualidadadiario.com\/index.php\/wp-json\/wp\/v2\/posts"}],"about":[{"href":"https:\/\/www.actualidadadiario.com\/index.php\/wp-json\/wp\/v2\/types\/post"}],"author":[{"embeddable":true,"href":"https:\/\/www.actualidadadiario.com\/index.php\/wp-json\/wp\/v2\/users\/3"}],"replies":[{"embeddable":true,"href":"https:\/\/www.actualidadadiario.com\/index.php\/wp-json\/wp\/v2\/comments?post=125739"}],"version-history":[{"count":1,"href":"https:\/\/www.actualidadadiario.com\/index.php\/wp-json\/wp\/v2\/posts\/125739\/revisions"}],"predecessor-version":[{"id":125741,"href":"https:\/\/www.actualidadadiario.com\/index.php\/wp-json\/wp\/v2\/posts\/125739\/revisions\/125741"}],"wp:featuredmedia":[{"embeddable":true,"href":"https:\/\/www.actualidadadiario.com\/index.php\/wp-json\/wp\/v2\/media\/125740"}],"wp:attachment":[{"href":"https:\/\/www.actualidadadiario.com\/index.php\/wp-json\/wp\/v2\/media?parent=125739"}],"wp:term":[{"taxonomy":"category","embeddable":true,"href":"https:\/\/www.actualidadadiario.com\/index.php\/wp-json\/wp\/v2\/categories?post=125739"},{"taxonomy":"post_tag","embeddable":true,"href":"https:\/\/www.actualidadadiario.com\/index.php\/wp-json\/wp\/v2\/tags?post=125739"}],"curies":[{"name":"wp","href":"https:\/\/api.w.org\/{rel}","templated":true}]}}