{"id":125733,"date":"2025-03-07T11:37:41","date_gmt":"2025-03-07T14:37:41","guid":{"rendered":"https:\/\/www.actualidadadiario.com\/?p=125733"},"modified":"2025-03-07T11:37:41","modified_gmt":"2025-03-07T14:37:41","slug":"el-ministerio-de-salud-anuncio-que-absorbera-las-funciones-del-instituto-nacional-del-cancer","status":"publish","type":"post","link":"https:\/\/www.actualidadadiario.com\/index.php\/2025\/03\/07\/el-ministerio-de-salud-anuncio-que-absorbera-las-funciones-del-instituto-nacional-del-cancer\/","title":{"rendered":"El Ministerio de Salud anunci\u00f3 que absorber\u00e1 las funciones del Instituto Nacional del C\u00e1ncer"},"content":{"rendered":"<p style=\"text-align: center;\"><em><strong>Desde la cartera dirigida por Mario Lugones se\u00f1alaron que tomaron esta decisi\u00f3n por &#8220;irregularidades&#8221; en el funcionamiento del organismo aunque dejaron en claro que todas sus funciones seguir\u00e1n en marcha con normalidad<\/strong><\/em><\/p>\n<p>&nbsp;<\/p>\n<p>&nbsp;<\/p>\n<p>El Ministerio de Salud anunci\u00f3 este jueves que absorber\u00e1 el Instituto Nacional del C\u00e1ncer (INC) con el objetivo de &#8220;eliminar duplicidad de tareas&#8221; y para &#8220;tener un mayor control de las acciones y cumplir con sus funciones de manera m\u00e1s eficiente&#8221;, detall\u00f3 la cartera dirigida por Mario Lugones. Tambi\u00e9n afirm\u00f3 que busca a trav\u00e9s de esta medida garantizar los programas, acceso a medicamentos y tratamientos.<\/p>\n<p>El Gobierno anunci\u00f3 que decidi\u00f3 llevar a cabo la centralizaci\u00f3n de las tareas al encontrar irregularidades en el organismo. A trav\u00e9s de un comunicado, Salud asegur\u00f3 que &#8220;se detectaron problemas log\u00edsticos, con entrega de medicamentos al borde de su vencimiento, compras ineficientes y programas y estructuras duplicadas&#8221;.<\/p>\n<p>Desde Casa Rosada remarcaron que el objetivo de la decisi\u00f3n es &#8220;eficientizar&#8221; el funcionamiento a partir de tener un mejor control de la compra y el stock de los medicamentos.<\/p>\n<p>&nbsp;<\/p>\n<p><strong>El Gobierno se\u00f1al\u00f3 &#8220;irregularidades&#8221; en el Instituto Nacional del C\u00e1ncer<\/strong><\/p>\n<p>Sobre este punto, se\u00f1alaron que el Sistema de Vigilancia Epidemiol\u00f3gica y Reporte del C\u00e1ncer llevaban a cabo tareas que &#8220;ya realiza la Subsecretar\u00eda de Vigilancia Epidemiol\u00f3gica&#8221;. En el mismo sentido se refirieron a los Programas Nacionales de Control y Prevenci\u00f3n de distintos tipos de c\u00e1ncer, cuyas responsabilidades &#8220;ya est\u00e1n contempladas en las funciones de la Direcci\u00f3n Nacional de Abordaje Integral de Enfermedades No Transmisibles&#8221;.<\/p>\n<p>Por otro lado, Salud asegur\u00f3 que &#8220;se detectaron graves fallas en la compra de medicamentos que no se ajustaron a los cambios de demanda&#8221; y ejemplificaron al se\u00f1alar que en &#8220;2023 se compraron opioides sin ning\u00fan criterio de cantidad y precio, lo que devino en vencimientos y un perjuicio para la administraci\u00f3n del Estado, ya que se tuvieron que tirar 400.000 unidades de morfina vencida por una mala planificaci\u00f3n&#8221;.<\/p>\n<p>Finalmente, la cartera dirigida por Lugones cerr\u00f3 el comunicado al dejar en claro que la medida &#8220;no afectar\u00e1 la continuidad de ning\u00fan programa que garantizaba el Instituto Nacional del C\u00e1ncer y s\u00f3lo es un cambio administrativo que apunta a corregir los problemas encontrados, optimizar los procesos de compra y mejorar la calidad de la atenci\u00f3n al paciente oncol\u00f3gico&#8221;.<\/p>\n<p>Por su parte, el ministro Lugones reiter\u00f3 en sus redes sociales que las tareas del organismo seguir\u00e1n cumpli\u00e9ndose con normalidad y remarc\u00f3: &#8220;Nuestro objetivo corregir los problemas encontrados, optimizar los procesos de compra y mejorar la calidad de la atenci\u00f3n al paciente oncol\u00f3gico&#8221;.<\/p>\n","protected":false},"excerpt":{"rendered":"<p>Desde la cartera dirigida por Mario Lugones se\u00f1alaron que tomaron esta decisi\u00f3n por &#8220;irregularidades&#8221; en el funcionamiento del organismo aunque dejaron en claro que todas sus funciones seguir\u00e1n en marcha con normalidad &nbsp; &nbsp; El Ministerio de Salud anunci\u00f3 este jueves que absorber\u00e1 el Instituto Nacional del C\u00e1ncer (INC) con el objetivo de &#8220;eliminar duplicidad de tareas&#8221; y para &#8220;tener un mayor control de las acciones y cumplir con sus funciones de manera m\u00e1s eficiente&#8221;, detall\u00f3 la cartera dirigida por Mario Lugones. Tambi\u00e9n afirm\u00f3 que busca a trav\u00e9s de esta&#8230;<\/p>\n","protected":false},"author":3,"featured_media":125734,"comment_status":"closed","ping_status":"closed","sticky":false,"template":"","format":"standard","meta":[],"categories":[18],"tags":[],"_links":{"self":[{"href":"https:\/\/www.actualidadadiario.com\/index.php\/wp-json\/wp\/v2\/posts\/125733"}],"collection":[{"href":"https:\/\/www.actualidadadiario.com\/index.php\/wp-json\/wp\/v2\/posts"}],"about":[{"href":"https:\/\/www.actualidadadiario.com\/index.php\/wp-json\/wp\/v2\/types\/post"}],"author":[{"embeddable":true,"href":"https:\/\/www.actualidadadiario.com\/index.php\/wp-json\/wp\/v2\/users\/3"}],"replies":[{"embeddable":true,"href":"https:\/\/www.actualidadadiario.com\/index.php\/wp-json\/wp\/v2\/comments?post=125733"}],"version-history":[{"count":1,"href":"https:\/\/www.actualidadadiario.com\/index.php\/wp-json\/wp\/v2\/posts\/125733\/revisions"}],"predecessor-version":[{"id":125735,"href":"https:\/\/www.actualidadadiario.com\/index.php\/wp-json\/wp\/v2\/posts\/125733\/revisions\/125735"}],"wp:featuredmedia":[{"embeddable":true,"href":"https:\/\/www.actualidadadiario.com\/index.php\/wp-json\/wp\/v2\/media\/125734"}],"wp:attachment":[{"href":"https:\/\/www.actualidadadiario.com\/index.php\/wp-json\/wp\/v2\/media?parent=125733"}],"wp:term":[{"taxonomy":"category","embeddable":true,"href":"https:\/\/www.actualidadadiario.com\/index.php\/wp-json\/wp\/v2\/categories?post=125733"},{"taxonomy":"post_tag","embeddable":true,"href":"https:\/\/www.actualidadadiario.com\/index.php\/wp-json\/wp\/v2\/tags?post=125733"}],"curies":[{"name":"wp","href":"https:\/\/api.w.org\/{rel}","templated":true}]}}