{"id":125730,"date":"2025-03-07T11:31:22","date_gmt":"2025-03-07T14:31:22","guid":{"rendered":"https:\/\/www.actualidadadiario.com\/?p=125730"},"modified":"2025-03-07T11:31:22","modified_gmt":"2025-03-07T14:31:22","slug":"la-imagen-de-milei-cayo-tres-puntos-y-el-nucleo-duro-se-reduce-al-20","status":"publish","type":"post","link":"https:\/\/www.actualidadadiario.com\/index.php\/2025\/03\/07\/la-imagen-de-milei-cayo-tres-puntos-y-el-nucleo-duro-se-reduce-al-20\/","title":{"rendered":"La imagen de Milei cay\u00f3 tres puntos y el n\u00facleo duro se reduce al 20%"},"content":{"rendered":"<p style=\"text-align: center;\"><em><strong>M\u00e1s de la mitad de los argentinos considera que el presidente es autoritario y el 36% directamente lo tild\u00f3 de &#8220;fascista&#8221;<\/strong><\/em><\/p>\n<p>&nbsp;<\/p>\n<p>&nbsp;<\/p>\n<p>La imagen de Javier Milei cay\u00f3 tres puntos en febrero, sacudida por el esc\u00e1ndalo con la estafa de la criptomoneda y por las dudas sobre la sostenibilidad del programa econ\u00f3mico.<\/p>\n<p>As\u00ed lo revela la \u00faltima encuesta de Analog\u00edas, que registr\u00f3 &#8220;una ca\u00edda en las evaluaciones de gesti\u00f3n, en la imagen del presidente y en las expectativas econ\u00f3micas generales y personales&#8221;. Adem\u00e1s, habla de &#8220;un deterioro de la base de apoyo al gobierno&#8221;.<\/p>\n<p>Sobre este \u00faltimo punto, el sondeo muestra que solo un 20,5 por ciento se considera oficialista, mientras que el mes pasado un 24 por ciento dec\u00eda serlo.<\/p>\n<p>Esa misma ca\u00edda se registra en la consulta la evaluaci\u00f3n del gobierno nacional, que se redujo tres puntos a 40,7 por ciento. En tanto, la desaprobaci\u00f3n aument\u00f3 a 42,5 por ciento, revirtiendo el diferencial positivo que ten\u00eda en la medici\u00f3n anterior.<\/p>\n<p>Respecto a la imagen de Milei, tambi\u00e9n perdi\u00f3 tres puntos en febrero y cay\u00f3 a 49,7 por ciento. Aunque en este caso mantiene el diferencial positivo de 2 puntos, cay\u00f3 8 puntos respecto al que present\u00f3 en enero.<\/p>\n<p>Otro dato muy negativo para el presidente es que un 55,6 por ciento cree que el gobierno es &#8220;autoritario&#8221; y el 36,2 por ciento directamente considera que es &#8220;fascista&#8221;.<\/p>\n<p>Tambi\u00e9n se observa un descenso considerable de las expectativas econ\u00f3micas generales, que pas\u00f3 de una brecha optimista de 13 puntos en enero a solo 1,5 puntos en febrero. En la esfera econ\u00f3mica personal las evaluaciones y expectativas combinadas mostraron una ca\u00edda del &#8220;optimismo&#8221; de 7 puntos.<\/p>\n<p>&#8220;Se trata de un cambio bastante brusco que, aunque est\u00e9 impactado por las circunstancias de la coyuntura, empieza a contener una noci\u00f3n estructural sobre la capacidad del programa econ\u00f3mico para mejorar las condiciones de vida&#8221;, sostiene el informe.<\/p>\n<p>Respecto al caso Libra, el 61 por ciento consider\u00f3 que se trata de un caso de corrupci\u00f3n y un 54,6 de ciento cree que Milei particip\u00f3 de la estafa. Adem\u00e1s, un 48,7 por ciento dijo que hay &#8220;mucha&#8221; o &#8220;bastante&#8221; corrupci\u00f3n en el gobierno.<\/p>\n","protected":false},"excerpt":{"rendered":"<p>M\u00e1s de la mitad de los argentinos considera que el presidente es autoritario y el 36% directamente lo tild\u00f3 de &#8220;fascista&#8221; &nbsp; &nbsp; La imagen de Javier Milei cay\u00f3 tres puntos en febrero, sacudida por el esc\u00e1ndalo con la estafa de la criptomoneda y por las dudas sobre la sostenibilidad del programa econ\u00f3mico. As\u00ed lo revela la \u00faltima encuesta de Analog\u00edas, que registr\u00f3 &#8220;una ca\u00edda en las evaluaciones de gesti\u00f3n, en la imagen del presidente y en las expectativas econ\u00f3micas generales y personales&#8221;. Adem\u00e1s, habla de &#8220;un deterioro de la&#8230;<\/p>\n","protected":false},"author":3,"featured_media":125731,"comment_status":"closed","ping_status":"closed","sticky":false,"template":"","format":"standard","meta":[],"categories":[9],"tags":[],"_links":{"self":[{"href":"https:\/\/www.actualidadadiario.com\/index.php\/wp-json\/wp\/v2\/posts\/125730"}],"collection":[{"href":"https:\/\/www.actualidadadiario.com\/index.php\/wp-json\/wp\/v2\/posts"}],"about":[{"href":"https:\/\/www.actualidadadiario.com\/index.php\/wp-json\/wp\/v2\/types\/post"}],"author":[{"embeddable":true,"href":"https:\/\/www.actualidadadiario.com\/index.php\/wp-json\/wp\/v2\/users\/3"}],"replies":[{"embeddable":true,"href":"https:\/\/www.actualidadadiario.com\/index.php\/wp-json\/wp\/v2\/comments?post=125730"}],"version-history":[{"count":1,"href":"https:\/\/www.actualidadadiario.com\/index.php\/wp-json\/wp\/v2\/posts\/125730\/revisions"}],"predecessor-version":[{"id":125732,"href":"https:\/\/www.actualidadadiario.com\/index.php\/wp-json\/wp\/v2\/posts\/125730\/revisions\/125732"}],"wp:featuredmedia":[{"embeddable":true,"href":"https:\/\/www.actualidadadiario.com\/index.php\/wp-json\/wp\/v2\/media\/125731"}],"wp:attachment":[{"href":"https:\/\/www.actualidadadiario.com\/index.php\/wp-json\/wp\/v2\/media?parent=125730"}],"wp:term":[{"taxonomy":"category","embeddable":true,"href":"https:\/\/www.actualidadadiario.com\/index.php\/wp-json\/wp\/v2\/categories?post=125730"},{"taxonomy":"post_tag","embeddable":true,"href":"https:\/\/www.actualidadadiario.com\/index.php\/wp-json\/wp\/v2\/tags?post=125730"}],"curies":[{"name":"wp","href":"https:\/\/api.w.org\/{rel}","templated":true}]}}