{"id":125726,"date":"2025-03-07T11:25:47","date_gmt":"2025-03-07T14:25:47","guid":{"rendered":"https:\/\/www.actualidadadiario.com\/?p=125726"},"modified":"2025-03-07T15:04:57","modified_gmt":"2025-03-07T18:04:57","slug":"alerta-amarilla-por-vientos-fuertes-que-recomendo-el-smn-y-cuales-son-las-provincias-afectadas","status":"publish","type":"post","link":"https:\/\/www.actualidadadiario.com\/index.php\/2025\/03\/07\/alerta-amarilla-por-vientos-fuertes-que-recomendo-el-smn-y-cuales-son-las-provincias-afectadas\/","title":{"rendered":"Hay alerta por tormentas y granizo para 14 provincias"},"content":{"rendered":"<p style=\"text-align: center;\"><em><strong>La semana cierra con un tremendo temporal en Bah\u00eda Blanca y malas condiciones del clima en diferentes zonas del pa\u00eds, por lo que el Servicio Meteorol\u00f3gico Nacional (SMN) renov\u00f3 el alerta por tormentas fuertes con posible ca\u00edda de granizo y r\u00e1fagas<\/strong><\/em><\/p>\n<p>&nbsp;<\/p>\n<p>&nbsp;<\/p>\n<p>En medio del fuerte temporal que azot\u00f3 a Bah\u00eda Blanca este viernes, la mini semana laboral cierra con malas condiciones del clima en diferentes zonas del pa\u00eds, por lo que el Servicio Meteorol\u00f3gico Nacional (SMN) renov\u00f3 el alerta por tormentas fuertes con posible ca\u00edda de granizo y r\u00e1fagas.<\/p>\n<p>De esta manera, el SMN manten\u00eda un alerta amarillo que rige este viernes en zonas de la provincia de Buenos Aires; y regiones de La Pampa, Santa Fe, C\u00f3rdoba, R\u00edo Negro, Chubut, San Luis, Mendoza, San Juan, La Rioja, Catamarca, Tucum\u00e1n, Salta y Jujuy.<\/p>\n<p>En partes de Buenos Aires, La Pampa, C\u00f3rdoba, San Luis, Mendoza, San Juan y La Rioja, el aviso sub\u00eda al nivel naranja.<\/p>\n<p>Adem\u00e1s, por el temporal en Bah\u00eda Blanca, el Gobierno nacional emiti\u00f3 un \u201calerta roja\u201d y activ\u00f3 el Sistema Nacional para la Gesti\u00f3n Integral del Riesgo, que depende del Ministerio de Seguridad. En las \u00faltimas horas el acumulado de precipitaciones alcanz\u00f3 los 260mm y ya se evacuaron a m\u00e1s de 40 familias, adem\u00e1s de que se suspendieron las clases y se fren\u00f3 el transporte p\u00fablico, entre otros servicios.<\/p>\n<p>&nbsp;<\/p>\n<p><strong>Alerta amarillo por tormentas<\/strong><\/p>\n<p>De acuerdo con el reporte del SMN, en zonas de Buenos Aires, y el centro del pa\u00eds con alerta amarilla, \u201cel \u00e1rea ser\u00e1 afectada por lluvias y tormentas de variada intensidad, algunas localmente fuertes. Las mismas estar\u00e1n acompa\u00f1adas por abundante ca\u00edda de agua en cortos per\u00edodos, ocasional granizo, y r\u00e1fagas que pueden superar los 70 km\/h\u201d.<\/p>\n<p>Se prev\u00e9n valores de precipitaci\u00f3n acumulada entre 30 y 70 mm, pudiendo ser superados en forma puntual.<\/p>\n<p>De acuerdo con el organismo, para el resto de las regiones, \u201cel \u00e1rea ser\u00e1 afectada por tormentas, algunas localmente fuertes. Las mismas podr\u00edan estar acompa\u00f1adas por abundante ca\u00edda de agua en cortos per\u00edodos, intensa actividad el\u00e9ctrica, ca\u00edda de granizo y r\u00e1fagas superiores a los 60 km\/h\u201d.<\/p>\n<p>En este caso, se prev\u00e9n valores de precipitaci\u00f3n acumulada entre 20 y 45 mm, pudiendo ser superados en forma puntual.<\/p>\n<p>&nbsp;<\/p>\n<p><strong>Recomendaciones del SMN por tormentas fuertes<\/strong><\/p>\n<ul>\n<li>No saques la basura.<\/li>\n<li>Retir\u00e1 objetos que impidan que el agua escurra.<\/li>\n<li>Evit\u00e1 actividades al aire libre.<\/li>\n<li>No te refugies cerca de \u00e1rboles y postes de electricidad que puedan caerse.<\/li>\n<li>Para minimizar el riesgo de ser alcanzado por un rayo, no permanezcas en playas, r\u00edos, lagunas o piletas.<\/li>\n<li>Estate atento ante la posible ca\u00edda de granizo.<\/li>\n<li>Informate por las autoridades.<\/li>\n<li>Ten\u00e9 siempre lista una mochila de emergencias con linterna, radio, documentos y tel\u00e9fono.<\/li>\n<\/ul>\n","protected":false},"excerpt":{"rendered":"<p>La semana cierra con un tremendo temporal en Bah\u00eda Blanca y malas condiciones del clima en diferentes zonas del pa\u00eds, por lo que el Servicio Meteorol\u00f3gico Nacional (SMN) renov\u00f3 el alerta por tormentas fuertes con posible ca\u00edda de granizo y r\u00e1fagas &nbsp; &nbsp; En medio del fuerte temporal que azot\u00f3 a Bah\u00eda Blanca este viernes, la mini semana laboral cierra con malas condiciones del clima en diferentes zonas del pa\u00eds, por lo que el Servicio Meteorol\u00f3gico Nacional (SMN) renov\u00f3 el alerta por tormentas fuertes con posible ca\u00edda de granizo y&#8230;<\/p>\n","protected":false},"author":3,"featured_media":124660,"comment_status":"closed","ping_status":"closed","sticky":false,"template":"","format":"standard","meta":[],"categories":[2],"tags":[],"_links":{"self":[{"href":"https:\/\/www.actualidadadiario.com\/index.php\/wp-json\/wp\/v2\/posts\/125726"}],"collection":[{"href":"https:\/\/www.actualidadadiario.com\/index.php\/wp-json\/wp\/v2\/posts"}],"about":[{"href":"https:\/\/www.actualidadadiario.com\/index.php\/wp-json\/wp\/v2\/types\/post"}],"author":[{"embeddable":true,"href":"https:\/\/www.actualidadadiario.com\/index.php\/wp-json\/wp\/v2\/users\/3"}],"replies":[{"embeddable":true,"href":"https:\/\/www.actualidadadiario.com\/index.php\/wp-json\/wp\/v2\/comments?post=125726"}],"version-history":[{"count":2,"href":"https:\/\/www.actualidadadiario.com\/index.php\/wp-json\/wp\/v2\/posts\/125726\/revisions"}],"predecessor-version":[{"id":125753,"href":"https:\/\/www.actualidadadiario.com\/index.php\/wp-json\/wp\/v2\/posts\/125726\/revisions\/125753"}],"wp:featuredmedia":[{"embeddable":true,"href":"https:\/\/www.actualidadadiario.com\/index.php\/wp-json\/wp\/v2\/media\/124660"}],"wp:attachment":[{"href":"https:\/\/www.actualidadadiario.com\/index.php\/wp-json\/wp\/v2\/media?parent=125726"}],"wp:term":[{"taxonomy":"category","embeddable":true,"href":"https:\/\/www.actualidadadiario.com\/index.php\/wp-json\/wp\/v2\/categories?post=125726"},{"taxonomy":"post_tag","embeddable":true,"href":"https:\/\/www.actualidadadiario.com\/index.php\/wp-json\/wp\/v2\/tags?post=125726"}],"curies":[{"name":"wp","href":"https:\/\/api.w.org\/{rel}","templated":true}]}}