{"id":125717,"date":"2025-03-07T11:20:19","date_gmt":"2025-03-07T14:20:19","guid":{"rendered":"https:\/\/www.actualidadadiario.com\/?p=125717"},"modified":"2025-03-07T11:20:19","modified_gmt":"2025-03-07T14:20:19","slug":"desigualdad-en-aumento-la-informalidad-laboral-femenina-alcanza-el-387-en-2024-y-sube-mas-que-entre-los-varones","status":"publish","type":"post","link":"https:\/\/www.actualidadadiario.com\/index.php\/2025\/03\/07\/desigualdad-en-aumento-la-informalidad-laboral-femenina-alcanza-el-387-en-2024-y-sube-mas-que-entre-los-varones\/","title":{"rendered":"Desigualdad en aumento: la informalidad laboral femenina alcanza el 38,7% en 2024 y sube m\u00e1s que entre los varones"},"content":{"rendered":"<p style=\"text-align: center;\"><em><strong>Un informe del CEPA analiza el efecto del primer a\u00f1o del gobierno de Milei sobre las brechas de g\u00e9nero. Con recortes en pol\u00edticas de equidad, tambi\u00e9n se registra un aumento mayor de la pobreza entre las mujeres<\/strong><\/em><\/p>\n<p>&nbsp;<\/p>\n<p>&nbsp;<\/p>\n<p>Desde la asunci\u00f3n de Javier Milei como presidente de la Naci\u00f3n, uno de los impactos m\u00e1s alarmantes de su pol\u00edtica econ\u00f3mica, seg\u00fan surge de un informe del Observatorio de G\u00e9nero del Centro de Econom\u00eda Pol\u00edtica Argentina (CEPA), es el aumento de la informalidad laboral en las mujeres, que alcanz\u00f3 el 38,7% en 2024. Este incremento refleja una mayor precarizaci\u00f3n del empleo femenino y c\u00f3mo se profundizan las desigualdades de g\u00e9nero en el acceso a derechos laborales y seguridad social.<\/p>\n<p>La informalidad laboral afecta con mayor fuerza a las mujeres, que ya enfrentaban mayores dificultades para acceder a empleos de calidad. Mientras que la informalidad en los varones se ubic\u00f3 en el 35%, la de las mujeres creci\u00f3 1,3 puntos porcentuales en el \u00faltimo a\u00f1o, ampliando la brecha a 3,7 puntos porcentuales. Esto significa que m\u00e1s mujeres trabajan sin aportes jubilatorios, sin acceso a licencias y con salarios m\u00e1s bajos e inestables.<\/p>\n<p>Esta precarizaci\u00f3n del empleo femenino est\u00e1 ligada a la crisis econ\u00f3mica y a la falta de pol\u00edticas p\u00fablicas que promuevan la formalizaci\u00f3n del trabajo. Sectores altamente feminizados, como el trabajo en casas particulares, sufrieron una ca\u00edda significativa en los puestos registrados, con 15.748 empleos menos desde la asunci\u00f3n de Milei.<\/p>\n<p>El aumento de la informalidad no solo deteriora las condiciones laborales de las mujeres sino que impacta directamente en sus ingresos. La brecha salarial entre varones y mujeres alcanz\u00f3 el 27,7%, lo que significa que, en promedio, las mujeres ganan casi un tercio menos que sus pares masculinos. En el sector informal, la diferencia es a\u00fan mayor, con una brecha del 33,3%.<\/p>\n<p>Esta desigualdad en los ingresos refuerza la feminizaci\u00f3n de la pobreza: el 61,4% de las personas en el decil m\u00e1s bajo de ingresos son mujeres. En contraste, en el decil m\u00e1s alto de ingresos, solo el 35% son mujeres, lo que evidencia una concentraci\u00f3n de la riqueza en los varones.<\/p>\n<p>El impacto de la pol\u00edtica econ\u00f3mica de Milei en la desigualdad de g\u00e9nero no se limita al mercado laboral. Los recortes presupuestarios golpearon de manera directa a programas destinados a reducir las brechas de g\u00e9nero y proteger a mujeres y diversidades. Entre los ajustes m\u00e1s dr\u00e1sticos se encuentran:<\/p>\n<ul>\n<li>Programa Acompa\u00f1ar (asistencia a v\u00edctimas de violencia de g\u00e9nero): recorte del 87,6%.<\/li>\n<li>L\u00ednea 144 (asistencia a v\u00edctimas de violencia): ca\u00edda del 61,1%.<\/li>\n<li>Fondo para v\u00edctimas de trata: reducci\u00f3n del 87,7%.<\/li>\n<li>Educaci\u00f3n Sexual Integral (ESI): desfinanciaci\u00f3n del 98,7%.<\/li>\n<li>Prevenci\u00f3n del embarazo adolescente: reducci\u00f3n del 93,9%.<\/li>\n<\/ul>\n<p>Adem\u00e1s, el programa Registradas, que promov\u00eda la formalizaci\u00f3n del empleo en casas particulares, fue eliminado, lo que agrava la precarizaci\u00f3n del sector.<\/p>\n<p>En el \u00e1mbito de la salud y la educaci\u00f3n, tambi\u00e9n se produjeron retrocesos importantes. La Educaci\u00f3n Sexual Integral (ESI) fue una de las \u00e1reas m\u00e1s afectadas, con un recorte del 98,7% en su financiamiento. Asimismo, la pol\u00edtica de prevenci\u00f3n del embarazo adolescente perdi\u00f3 el 93,9% de su presupuesto.<\/p>\n<p>&nbsp;<\/p>\n<p><strong>M\u00e1s datos que evidencian la desigualdad<\/strong><\/p>\n<p>Otro de los hallazgos del informe del Observatorio de G\u00e9nero de CEPA es que la tasa de actividad de las mujeres es 18,4 puntos porcentuales menor que la de los hombres (52,1% frente a 70,5%), lo que indica una menor participaci\u00f3n en el mercado de trabajo. Adem\u00e1s, la tasa de desocupaci\u00f3n femenina aument\u00f3 a 7,9%, mientras que la masculina se ubic\u00f3 en 6,2%, ampliando la brecha de desocupaci\u00f3n a 1,7 puntos porcentuales.<\/p>\n<p>El informe destaca que las mujeres est\u00e1n sobrerrepresentadas en los sectores de menores ingresos: el 61,4% de quienes integran el decil m\u00e1s bajo de ingresos son mujeres. En contraste, en el decil m\u00e1s alto, s\u00f3lo el 35% son mujeres, lo que evidencia una masculinizaci\u00f3n de la riqueza. Adem\u00e1s, en los impuestos progresivos como Bienes Personales e Impuesto a las Ganancias, las mujeres est\u00e1n subrepresentadas, con solo un 32,8% de participaci\u00f3n.<\/p>\n<p>Las decisiones econ\u00f3micas del gobierno de Milei no fueron neutras en t\u00e9rminos de g\u00e9nero. La quita de subsidios al transporte y la liberalizaci\u00f3n de precios encarecieron los costos de vida, afectando en mayor medida a las mujeres, que tienen menor poder adquisitivo y asumen la mayor parte de las responsabilidades de cuidado. La reducci\u00f3n en la inversi\u00f3n en infraestructura de cuidados tambi\u00e9n profundiz\u00f3 las desigualdades, ya que las mujeres dedican en promedio tres horas m\u00e1s por d\u00eda que los varones al trabajo no remunerado.<\/p>\n<p>El informe del CEPA deja en evidencia que el primer a\u00f1o de gobierno de La Libertad Avanza supuso un fuerte retroceso en la lucha por la equidad de g\u00e9nero. Con un Estado cada vez m\u00e1s ausente en la implementaci\u00f3n de pol\u00edticas p\u00fablicas inclusivas, las mujeres y diversidades se encuentran en una situaci\u00f3n de mayor vulnerabilidad.<\/p>\n","protected":false},"excerpt":{"rendered":"<p>Un informe del CEPA analiza el efecto del primer a\u00f1o del gobierno de Milei sobre las brechas de g\u00e9nero. Con recortes en pol\u00edticas de equidad, tambi\u00e9n se registra un aumento mayor de la pobreza entre las mujeres &nbsp; &nbsp; Desde la asunci\u00f3n de Javier Milei como presidente de la Naci\u00f3n, uno de los impactos m\u00e1s alarmantes de su pol\u00edtica econ\u00f3mica, seg\u00fan surge de un informe del Observatorio de G\u00e9nero del Centro de Econom\u00eda Pol\u00edtica Argentina (CEPA), es el aumento de la informalidad laboral en las mujeres, que alcanz\u00f3 el 38,7%&#8230;<\/p>\n","protected":false},"author":3,"featured_media":125718,"comment_status":"closed","ping_status":"closed","sticky":false,"template":"","format":"standard","meta":[],"categories":[9],"tags":[],"_links":{"self":[{"href":"https:\/\/www.actualidadadiario.com\/index.php\/wp-json\/wp\/v2\/posts\/125717"}],"collection":[{"href":"https:\/\/www.actualidadadiario.com\/index.php\/wp-json\/wp\/v2\/posts"}],"about":[{"href":"https:\/\/www.actualidadadiario.com\/index.php\/wp-json\/wp\/v2\/types\/post"}],"author":[{"embeddable":true,"href":"https:\/\/www.actualidadadiario.com\/index.php\/wp-json\/wp\/v2\/users\/3"}],"replies":[{"embeddable":true,"href":"https:\/\/www.actualidadadiario.com\/index.php\/wp-json\/wp\/v2\/comments?post=125717"}],"version-history":[{"count":1,"href":"https:\/\/www.actualidadadiario.com\/index.php\/wp-json\/wp\/v2\/posts\/125717\/revisions"}],"predecessor-version":[{"id":125719,"href":"https:\/\/www.actualidadadiario.com\/index.php\/wp-json\/wp\/v2\/posts\/125717\/revisions\/125719"}],"wp:featuredmedia":[{"embeddable":true,"href":"https:\/\/www.actualidadadiario.com\/index.php\/wp-json\/wp\/v2\/media\/125718"}],"wp:attachment":[{"href":"https:\/\/www.actualidadadiario.com\/index.php\/wp-json\/wp\/v2\/media?parent=125717"}],"wp:term":[{"taxonomy":"category","embeddable":true,"href":"https:\/\/www.actualidadadiario.com\/index.php\/wp-json\/wp\/v2\/categories?post=125717"},{"taxonomy":"post_tag","embeddable":true,"href":"https:\/\/www.actualidadadiario.com\/index.php\/wp-json\/wp\/v2\/tags?post=125717"}],"curies":[{"name":"wp","href":"https:\/\/api.w.org\/{rel}","templated":true}]}}