{"id":125710,"date":"2025-03-07T10:21:08","date_gmt":"2025-03-07T13:21:08","guid":{"rendered":"https:\/\/www.actualidadadiario.com\/?p=125710"},"modified":"2025-03-07T10:21:08","modified_gmt":"2025-03-07T13:21:08","slug":"la-provincia-y-15-localidades-firmaron-un-convenio-para-reparar-las-rutas-provinciales-1-y-2","status":"publish","type":"post","link":"https:\/\/www.actualidadadiario.com\/index.php\/2025\/03\/07\/la-provincia-y-15-localidades-firmaron-un-convenio-para-reparar-las-rutas-provinciales-1-y-2\/","title":{"rendered":"La provincia y 15 localidades firmaron un convenio para reparar las rutas provinciales 1 y 2"},"content":{"rendered":"<p style=\"text-align: center;\"><em><strong>El gobernador Rogelio Frigerio e intendentes y presidentes comunales de los departamentos La Paz, Feliciano y Federaci\u00f3n celebraron este jueves un acuerdo para avanzar con la licitaci\u00f3n del plan de bacheo y demarcaci\u00f3n de estas v\u00edas. Las obras tienen un presupuesto de 81.000 millones de pesos<\/strong><\/em><\/p>\n<p>&nbsp;<\/p>\n<p>&nbsp;<\/p>\n<p>El acto tuvo lugar en la Municipalidad de San Jos\u00e9 de Feliciano, sitio al cual concurrieron los representantes de municipalidades, comunas y centros rurales de poblaci\u00f3n.<\/p>\n<p>&#8220;Firmamos un documento clave para avanzar con la licitaci\u00f3n del plan de bacheo y demarcaci\u00f3n de las rutas 1 y 2, que es una demanda de los vecinos del norte entrerriano de mucho tiempo. Est\u00e1 el compromiso nuestro desde el primer momento de hacer transitables nuestras rutas y este es un paso fundamental&#8221;, expres\u00f3 Frigerio en rueda de prensa, agradeciendo a los intendentes y presidentes comunales el esfuerzo de confluir en la cabecera del departamento Feliciano.<\/p>\n<p>Respecto a las expectativas del Plan de Recuperaci\u00f3n y Mantenimiento Vial, el gobernador dijo: &#8220;Esperamos este a\u00f1o estar interviniendo el cien por ciento de las rutas a cargo de la provincia, m\u00e1s el trabajo que estamos haciendo con Vialidad Provincial que, por suerte, muchos vecinos ya est\u00e1n empezando a destacar y a ver&#8221;. Aclar\u00f3 que la prioridad de inicio la tendr\u00e1n los sectores m\u00e1s deteriorados y puso de relieve la importancia de la demarcaci\u00f3n de las rutas, ya que &#8220;eso impacta directamente en la disminuci\u00f3n de los accidentes viales&#8221;.<\/p>\n<p>Al respecto, el intendente de San Jos\u00e9 de Feliciano, Dami\u00e1n Ar\u00e9valo, destac\u00f3 que los tiempos de obra son &#8220;acuciantes, porque las rutas se han vuelto muy peligrosas&#8221;. &#8220;Estamos para apoyar al gobernador, al ministro y a quien sea posible para que esta obra se haga&#8221;, agreg\u00f3.<\/p>\n<p>&nbsp;<\/p>\n<p><strong>Trascendental para la comunicaci\u00f3n del norte entrerriano<\/strong><\/p>\n<p>La obra contempla el bacheo y mantenimiento de las rutas provinciales de los departamentos La Paz, Feliciano y Federaci\u00f3n, atravesando parte del ejido de municipalidades, comunas y centros rurales de poblaci\u00f3n. Por tratarse de trabajos en ejidos locales, los representantes de estos gobiernos firmaron el convenio que permite a la provincia encarar los trabajos.<\/p>\n<p>La reparaci\u00f3n de las rutas provinciales n\u00fameros 1 y 2 est\u00e1 incluida en el grupo 4 del Plan de Recuperaci\u00f3n y Mantenimiento Vial encarado por el Gobierno de Entre R\u00edos y se divide en cinco tramos. En total, se intervendr\u00e1 en 203 kil\u00f3metros de rutas, su plazo de ejecuci\u00f3n es de 36 meses y tiene un presupuesto de 74.577.985.363,25 pesos.<\/p>\n<p>&nbsp;<\/p>\n<p><strong>Las rutas y sus tramos<\/strong><\/p>\n<ul>\n<li><strong>Tramo I:<\/strong> ruta provincial N\u00ba 1, desde la intersecci\u00f3n con la nacional N\u00ba 12 hasta San Jos\u00e9 de Feliciano (87,5 kil\u00f3metros).<\/li>\n<li><strong>Tramo II:<\/strong> ruta provincial N\u00ba 2, desde San Jos\u00e9 de Feliciano hasta el enlace con la nacional N\u00ba 14 (83,5 kil\u00f3metros).<\/li>\n<li><strong>Tramo III:<\/strong> ruta provincial sin n\u00famero Chajar\u00ed &#8211; Santa Ana, que se extiende desde la ciudad de Chajar\u00ed (coincidente con el arroyo Chajar\u00ed) hasta la rotonda pr\u00f3xima a la localidad de Santa Ana (22,19 kil\u00f3metros).<\/li>\n<li><strong>Tramo IV:<\/strong> ruta provincial sin n\u00famero denominada Camino Tres Hermanas (ex ruta provincial N\u00ba 2, con extensi\u00f3n de 6,89 kil\u00f3metros).<\/li>\n<li><strong>Tramo V:<\/strong> desv\u00edo del tr\u00e1nsito pesado en San Jos\u00e9 de Feliciano (5,262 kil\u00f3metros).<\/li>\n<\/ul>\n","protected":false},"excerpt":{"rendered":"<p>El gobernador Rogelio Frigerio e intendentes y presidentes comunales de los departamentos La Paz, Feliciano y Federaci\u00f3n celebraron este jueves un acuerdo para avanzar con la licitaci\u00f3n del plan de bacheo y demarcaci\u00f3n de estas v\u00edas. Las obras tienen un presupuesto de 81.000 millones de pesos &nbsp; &nbsp; El acto tuvo lugar en la Municipalidad de San Jos\u00e9 de Feliciano, sitio al cual concurrieron los representantes de municipalidades, comunas y centros rurales de poblaci\u00f3n. &#8220;Firmamos un documento clave para avanzar con la licitaci\u00f3n del plan de bacheo y demarcaci\u00f3n de&#8230;<\/p>\n","protected":false},"author":3,"featured_media":125711,"comment_status":"closed","ping_status":"closed","sticky":false,"template":"","format":"standard","meta":[],"categories":[15],"tags":[],"_links":{"self":[{"href":"https:\/\/www.actualidadadiario.com\/index.php\/wp-json\/wp\/v2\/posts\/125710"}],"collection":[{"href":"https:\/\/www.actualidadadiario.com\/index.php\/wp-json\/wp\/v2\/posts"}],"about":[{"href":"https:\/\/www.actualidadadiario.com\/index.php\/wp-json\/wp\/v2\/types\/post"}],"author":[{"embeddable":true,"href":"https:\/\/www.actualidadadiario.com\/index.php\/wp-json\/wp\/v2\/users\/3"}],"replies":[{"embeddable":true,"href":"https:\/\/www.actualidadadiario.com\/index.php\/wp-json\/wp\/v2\/comments?post=125710"}],"version-history":[{"count":1,"href":"https:\/\/www.actualidadadiario.com\/index.php\/wp-json\/wp\/v2\/posts\/125710\/revisions"}],"predecessor-version":[{"id":125712,"href":"https:\/\/www.actualidadadiario.com\/index.php\/wp-json\/wp\/v2\/posts\/125710\/revisions\/125712"}],"wp:featuredmedia":[{"embeddable":true,"href":"https:\/\/www.actualidadadiario.com\/index.php\/wp-json\/wp\/v2\/media\/125711"}],"wp:attachment":[{"href":"https:\/\/www.actualidadadiario.com\/index.php\/wp-json\/wp\/v2\/media?parent=125710"}],"wp:term":[{"taxonomy":"category","embeddable":true,"href":"https:\/\/www.actualidadadiario.com\/index.php\/wp-json\/wp\/v2\/categories?post=125710"},{"taxonomy":"post_tag","embeddable":true,"href":"https:\/\/www.actualidadadiario.com\/index.php\/wp-json\/wp\/v2\/tags?post=125710"}],"curies":[{"name":"wp","href":"https:\/\/api.w.org\/{rel}","templated":true}]}}