{"id":125700,"date":"2025-03-06T16:06:25","date_gmt":"2025-03-06T19:06:25","guid":{"rendered":"https:\/\/www.actualidadadiario.com\/?p=125700"},"modified":"2025-03-06T16:06:25","modified_gmt":"2025-03-06T19:06:25","slug":"suba-confirmada-para-la-tarifa-de-gas-en-marzo-cual-sera-el-impacto-en-las-facturas","status":"publish","type":"post","link":"https:\/\/www.actualidadadiario.com\/index.php\/2025\/03\/06\/suba-confirmada-para-la-tarifa-de-gas-en-marzo-cual-sera-el-impacto-en-las-facturas\/","title":{"rendered":"Suba confirmada para la tarifa de gas en marzo: cu\u00e1l ser\u00e1 el impacto en las facturas"},"content":{"rendered":"<p style=\"text-align: center;\"><em><strong>La decisi\u00f3n se plasm\u00f3 en una serie de resoluciones a cargo del Ente Nacional Regulador del Gas (Enargas) publicadas en el Bolet\u00edn Oficial<\/strong><\/em><\/p>\n<p>&nbsp;<\/p>\n<p>&nbsp;<\/p>\n<p>El Gobierno autoriz\u00f3 este 6 de marzo un nuevo aumento del 1,7% en las tarifas de transporte y distribuci\u00f3n de gas natural que tendr\u00e1n impacto directo en las facturas de los consumidores. La decisi\u00f3n qued\u00f3 plasmada en una serie de resoluciones a cargo del Ente Nacional Regulador del Gas (Enargas) publicadas en el Bolet\u00edn Oficial.<\/p>\n<p>En efecto, las resoluciones arriba se\u00f1aladas abarcan desde la 116\/2025 hasta la 135\/2025 publicadas este jueves en el Bolet\u00edn Oficial.<\/p>\n<p>De esta manera, el Enargas aprob\u00f3 los nuevos cuadros tarifarios de las transportadoras y las distribuidoras de gas para marzo, en el marco de la emergencia energ\u00e9tica, extendida hasta el 9 de julio de 2025, y del periodo de revisi\u00f3n tarifaria, que permite adecuaciones transitorias en las boletas del servicio.<\/p>\n<p>La actualizaci\u00f3n tarifaria del gas en el \u00faltimo mes del a\u00f1o, se da por pedido del ministro de Econom\u00eda, Luis Caputo, que por medio de una nota enviada a la Secretar\u00eda de Energ\u00eda sostuvo que \u201cresulta razonable y prudente continuar para el mes de marzo de 2025 con el sendero de actualizaci\u00f3n de los precios y tarifas del sector energ\u00e9tico\u201d.<\/p>\n<p>Al respecto, precis\u00f3 que \u201cen materia de gas natural, las tarifas de transporte y distribuci\u00f3n deber\u00e1n ser incrementadas en un 1,7%; y el precio PIST deber\u00e1 ser incrementado en virtud de reflejar lo dispuesto en el art\u00edculo 5\u00ba de la resoluci\u00f3n de la Secretar\u00eda de Energ\u00eda 41\/24\u201d.<\/p>\n<p>Cu\u00e1l es el nuevo valor del gas en el Punto de Ingreso al Sistema de Transporte (PIST)<\/p>\n<p>-El valor del gas natural en el Punto de Ingreso al Sistema de Transporte (PIST), se fij\u00f3 en US$3,085 el mill\u00f3n de BTU para los usuarios de Metrogas, como uno de los m\u00e1s bajos.<\/p>\n<p>-El precio m\u00e1s elevado lo tienen los clientes de Distribuidora Gas Cuyana, ya que el mill\u00f3n de BTU qued\u00f3 en US$3,148.<\/p>\n<p>-En el caso de la firma que brinda el servicio en el \u00c1rea Metropolitana de Buenos Aires (AMBA), el precio PIST para los usuarios residenciales que no poseen subsidios ser\u00e1 de $120,18 por metro c\u00fabico ($\/m3).<\/p>\n<p>Estos valores corresponden al costo que deben afrontar los usuarios residenciales de altos ingresos (Nivel 1) junto con los comercios e industrias.<\/p>\n<p>Paralelamente, los hogares de ingresos bajos (Nivel 2) e ingresos medios (Nivel 3) cuentan con una bonificaci\u00f3n del 65% y 50%, respectivamente, sobre un determinado bloque de consumo. En caso de excederse en el tope previsto se abona el costo pleno por la diferencia que corresponda.<\/p>\n<p>&nbsp;<\/p>\n<p><strong>Cu\u00e1les son las distribuidoras de gas con aumentos confirmados en marzo<\/strong><\/p>\n<p>El ajuste en los cuadros tarifarios fue aprobado para las distribuidoras:<\/p>\n<p>-Naturgy Noa<\/p>\n<p>-Distribuidora de Gas del Centro<\/p>\n<p>-Distribuidora de Gas Cuyana<\/p>\n<p>-Litoral Gas<\/p>\n<p>-Metrogas<\/p>\n<p>-Camuzzi Gas Pampeana<\/p>\n<p>-Camuzzi Gas del Sur<\/p>\n<p>-Gas Nea<\/p>\n<p>-Redengas<\/p>\n","protected":false},"excerpt":{"rendered":"<p>La decisi\u00f3n se plasm\u00f3 en una serie de resoluciones a cargo del Ente Nacional Regulador del Gas (Enargas) publicadas en el Bolet\u00edn Oficial &nbsp; &nbsp; El Gobierno autoriz\u00f3 este 6 de marzo un nuevo aumento del 1,7% en las tarifas de transporte y distribuci\u00f3n de gas natural que tendr\u00e1n impacto directo en las facturas de los consumidores. La decisi\u00f3n qued\u00f3 plasmada en una serie de resoluciones a cargo del Ente Nacional Regulador del Gas (Enargas) publicadas en el Bolet\u00edn Oficial. En efecto, las resoluciones arriba se\u00f1aladas abarcan desde la 116\/2025&#8230;<\/p>\n","protected":false},"author":3,"featured_media":112146,"comment_status":"closed","ping_status":"closed","sticky":false,"template":"","format":"standard","meta":[],"categories":[2],"tags":[],"_links":{"self":[{"href":"https:\/\/www.actualidadadiario.com\/index.php\/wp-json\/wp\/v2\/posts\/125700"}],"collection":[{"href":"https:\/\/www.actualidadadiario.com\/index.php\/wp-json\/wp\/v2\/posts"}],"about":[{"href":"https:\/\/www.actualidadadiario.com\/index.php\/wp-json\/wp\/v2\/types\/post"}],"author":[{"embeddable":true,"href":"https:\/\/www.actualidadadiario.com\/index.php\/wp-json\/wp\/v2\/users\/3"}],"replies":[{"embeddable":true,"href":"https:\/\/www.actualidadadiario.com\/index.php\/wp-json\/wp\/v2\/comments?post=125700"}],"version-history":[{"count":1,"href":"https:\/\/www.actualidadadiario.com\/index.php\/wp-json\/wp\/v2\/posts\/125700\/revisions"}],"predecessor-version":[{"id":125701,"href":"https:\/\/www.actualidadadiario.com\/index.php\/wp-json\/wp\/v2\/posts\/125700\/revisions\/125701"}],"wp:featuredmedia":[{"embeddable":true,"href":"https:\/\/www.actualidadadiario.com\/index.php\/wp-json\/wp\/v2\/media\/112146"}],"wp:attachment":[{"href":"https:\/\/www.actualidadadiario.com\/index.php\/wp-json\/wp\/v2\/media?parent=125700"}],"wp:term":[{"taxonomy":"category","embeddable":true,"href":"https:\/\/www.actualidadadiario.com\/index.php\/wp-json\/wp\/v2\/categories?post=125700"},{"taxonomy":"post_tag","embeddable":true,"href":"https:\/\/www.actualidadadiario.com\/index.php\/wp-json\/wp\/v2\/tags?post=125700"}],"curies":[{"name":"wp","href":"https:\/\/api.w.org\/{rel}","templated":true}]}}