{"id":125695,"date":"2025-03-06T12:04:53","date_gmt":"2025-03-06T15:04:53","guid":{"rendered":"https:\/\/www.actualidadadiario.com\/?p=125695"},"modified":"2025-03-06T12:04:53","modified_gmt":"2025-03-06T15:04:53","slug":"en-2024-se-vendieron-60-millones-menos-de-medicamentos","status":"publish","type":"post","link":"https:\/\/www.actualidadadiario.com\/index.php\/2025\/03\/06\/en-2024-se-vendieron-60-millones-menos-de-medicamentos\/","title":{"rendered":"En 2024 se vendieron 60 millones menos de medicamentos"},"content":{"rendered":"<p style=\"text-align: center;\"><em><strong>El a\u00f1o pasado los precios de los remedios se incrementaron m\u00e1s del 200%, superando largamente la inflaci\u00f3n<\/strong><\/em><\/p>\n<p>&nbsp;<\/p>\n<p>&nbsp;<\/p>\n<p>La suba de los precios de los medicamentos en 2024 super\u00f3 el 200% e impact\u00f3 duramente en las ventas, que cayeron en 60 millones de unidades en comparaci\u00f3n con el a\u00f1o anterior, destac\u00f3 un informe de la asociaci\u00f3n Defensa de Usuarios y Consumidores (Deuco) con datos del Ministerio de Salud de la Naci\u00f3n.<\/p>\n<p>Para complicar el cuadro, el a\u00f1o pasado el PAMI compr\u00f3 22% de medicamentos menos que un a\u00f1o atr\u00e1s, por lo que el sector que result\u00f3 m\u00e1s afectado por la situaci\u00f3n en el primer a\u00f1o de la presidencia de La Libertad Avanza fue el de los jubilados y pensionados, uno de los m\u00e1s vulnerables de la sociedad.<\/p>\n<p>Deuco compar\u00f3 que la inflaci\u00f3n en 2024 fue del 117,8%, un nivel muy inferior al de los aumentos de los medicamentos, que super\u00f3 el 200% en el mismo per\u00edodo. Los datos corresponden a la publicaci\u00f3n mensual que realiza la cartera sanitaria con continuidad bajo la administraci\u00f3n \u201clibertaria\u201d.<\/p>\n<p>El presidente del Centro de Profesionales Farmac\u00e9uticos (Ceprofar), Rub\u00e9n Sajem, remarc\u00f3 que la ca\u00edda de las compras del PAMI equivale a un total de 3,7 millones de unidades de medicamentos cuyo recorte compromete la salud de una enorme proporci\u00f3n de los afiliados a la entidad.<\/p>\n<p>\u201cComparando diciembre de 2024 con octubre del mismo a\u00f1o, la ca\u00edda fue del 32%, es decir, 6,4 millones de unidades menos adquiridas\u201d, sum\u00f3 el dirigente, quien analiz\u00f3 que las cifras indican que hay medicamentos que dejaron de comprarse y tratamientos que no est\u00e1n siendo cubiertos con impacto directo en la salud de la poblaci\u00f3n.<\/p>\n<p>Por el aumento de las medicinas tambi\u00e9n sufrieron las farmacias, que en 2024 vendieron un 7,85% menos interanual, lo que representa nada menos que 60.097.577 de unidades por debajo del registro de 2023, de acuerdo a una medici\u00f3n de la Confederaci\u00f3n Farmac\u00e9utica Argentina (COFA).<\/p>\n<p>No obstante, el estudio se\u00f1ala que el mercado moviliz\u00f3 $8.885.919.050.315, una cantidad muy superior a los $2.795.944.863.527 del mercado de 2023, un aumento del 217,81% interanual.<\/p>\n","protected":false},"excerpt":{"rendered":"<p>El a\u00f1o pasado los precios de los remedios se incrementaron m\u00e1s del 200%, superando largamente la inflaci\u00f3n &nbsp; &nbsp; La suba de los precios de los medicamentos en 2024 super\u00f3 el 200% e impact\u00f3 duramente en las ventas, que cayeron en 60 millones de unidades en comparaci\u00f3n con el a\u00f1o anterior, destac\u00f3 un informe de la asociaci\u00f3n Defensa de Usuarios y Consumidores (Deuco) con datos del Ministerio de Salud de la Naci\u00f3n. Para complicar el cuadro, el a\u00f1o pasado el PAMI compr\u00f3 22% de medicamentos menos que un a\u00f1o atr\u00e1s,&#8230;<\/p>\n","protected":false},"author":3,"featured_media":121091,"comment_status":"closed","ping_status":"closed","sticky":false,"template":"","format":"standard","meta":[],"categories":[9],"tags":[],"_links":{"self":[{"href":"https:\/\/www.actualidadadiario.com\/index.php\/wp-json\/wp\/v2\/posts\/125695"}],"collection":[{"href":"https:\/\/www.actualidadadiario.com\/index.php\/wp-json\/wp\/v2\/posts"}],"about":[{"href":"https:\/\/www.actualidadadiario.com\/index.php\/wp-json\/wp\/v2\/types\/post"}],"author":[{"embeddable":true,"href":"https:\/\/www.actualidadadiario.com\/index.php\/wp-json\/wp\/v2\/users\/3"}],"replies":[{"embeddable":true,"href":"https:\/\/www.actualidadadiario.com\/index.php\/wp-json\/wp\/v2\/comments?post=125695"}],"version-history":[{"count":1,"href":"https:\/\/www.actualidadadiario.com\/index.php\/wp-json\/wp\/v2\/posts\/125695\/revisions"}],"predecessor-version":[{"id":125696,"href":"https:\/\/www.actualidadadiario.com\/index.php\/wp-json\/wp\/v2\/posts\/125695\/revisions\/125696"}],"wp:featuredmedia":[{"embeddable":true,"href":"https:\/\/www.actualidadadiario.com\/index.php\/wp-json\/wp\/v2\/media\/121091"}],"wp:attachment":[{"href":"https:\/\/www.actualidadadiario.com\/index.php\/wp-json\/wp\/v2\/media?parent=125695"}],"wp:term":[{"taxonomy":"category","embeddable":true,"href":"https:\/\/www.actualidadadiario.com\/index.php\/wp-json\/wp\/v2\/categories?post=125695"},{"taxonomy":"post_tag","embeddable":true,"href":"https:\/\/www.actualidadadiario.com\/index.php\/wp-json\/wp\/v2\/tags?post=125695"}],"curies":[{"name":"wp","href":"https:\/\/api.w.org\/{rel}","templated":true}]}}