{"id":125682,"date":"2025-03-07T09:36:14","date_gmt":"2025-03-07T12:36:14","guid":{"rendered":"https:\/\/www.actualidadadiario.com\/?p=125682"},"modified":"2025-03-07T10:17:56","modified_gmt":"2025-03-07T13:17:56","slug":"tres-hermanitos-buscan-que-los-adopten","status":"publish","type":"post","link":"https:\/\/www.actualidadadiario.com\/index.php\/2025\/03\/07\/tres-hermanitos-buscan-que-los-adopten\/","title":{"rendered":"Tres hermanitos buscan que los adopten"},"content":{"rendered":"<p style=\"text-align: center;\"><em><strong>El Juzgado de Familia N\u00b0 4 de Paran\u00e1 y el Registro \u00danico de Aspirantes a Guarda con Fines Adoptivos de Entre R\u00edos (Ruaer) convocan a familias domiciliadas en esta provincia y con disponibilidad para integrar por adopci\u00f3n a tres hermanos: un nene de 8 a\u00f1os, y dos nenas de 10 y 14 a\u00f1os. Hasta el 16 de marzo hay tiempo para inscribirse<\/strong><\/em><\/p>\n<p>&nbsp;<\/p>\n<p>&nbsp;<\/p>\n<p>Ellos est\u00e1n en una residencia desde hace tres a\u00f1os y desean fervientemente crecer juntos en una familia que los quiera y los cuide.<\/p>\n<p>Los tres son ni\u00f1os muy vitales, afectuosos y sociables. Les gusta ir a la escuela y se preocupan porque les vaya bien. Tienen distintas actividades deportivas y art\u00edsticas, y les encanta jugar, escuchar m\u00fasica, bailar y hacen buenas migas con chicos de su edad y con los adultos.<\/p>\n<p>Quienes expresen su inter\u00e9s en cumplirles su sue\u00f1o de vivir en familia\u00a0 ser\u00e1n convocados para profundizar sobre la situaci\u00f3n.<\/p>\n<p>En esta instancia pueden inscribirse personas que tengan o no un tr\u00e1mite iniciado ante el Ruaer.<\/p>\n<p>Las inscripciones, hasta el 16 de marzo pr\u00f3ximo, inclusive, deber\u00e1n realizarse completando el siguiente formulario: https:\/\/forms.gle\/N93SDhFiSGNwoXy98.<\/p>\n<p>Por dudas o consultas, las personas interesadas podr\u00e1n comunicarse v\u00eda Whatsapp al 343-5329475 o al correo electr\u00f3nico: ruaer@jusentrerios.gov.ar.<\/p>\n","protected":false},"excerpt":{"rendered":"<p>El Juzgado de Familia N\u00b0 4 de Paran\u00e1 y el Registro \u00danico de Aspirantes a Guarda con Fines Adoptivos de Entre R\u00edos (Ruaer) convocan a familias domiciliadas en esta provincia y con disponibilidad para integrar por adopci\u00f3n a tres hermanos: un nene de 8 a\u00f1os, y dos nenas de 10 y 14 a\u00f1os. Hasta el 16 de marzo hay tiempo para inscribirse &nbsp; &nbsp; Ellos est\u00e1n en una residencia desde hace tres a\u00f1os y desean fervientemente crecer juntos en una familia que los quiera y los cuide. Los tres son&#8230;<\/p>\n","protected":false},"author":3,"featured_media":125683,"comment_status":"closed","ping_status":"closed","sticky":false,"template":"","format":"standard","meta":[],"categories":[9],"tags":[],"_links":{"self":[{"href":"https:\/\/www.actualidadadiario.com\/index.php\/wp-json\/wp\/v2\/posts\/125682"}],"collection":[{"href":"https:\/\/www.actualidadadiario.com\/index.php\/wp-json\/wp\/v2\/posts"}],"about":[{"href":"https:\/\/www.actualidadadiario.com\/index.php\/wp-json\/wp\/v2\/types\/post"}],"author":[{"embeddable":true,"href":"https:\/\/www.actualidadadiario.com\/index.php\/wp-json\/wp\/v2\/users\/3"}],"replies":[{"embeddable":true,"href":"https:\/\/www.actualidadadiario.com\/index.php\/wp-json\/wp\/v2\/comments?post=125682"}],"version-history":[{"count":1,"href":"https:\/\/www.actualidadadiario.com\/index.php\/wp-json\/wp\/v2\/posts\/125682\/revisions"}],"predecessor-version":[{"id":125684,"href":"https:\/\/www.actualidadadiario.com\/index.php\/wp-json\/wp\/v2\/posts\/125682\/revisions\/125684"}],"wp:featuredmedia":[{"embeddable":true,"href":"https:\/\/www.actualidadadiario.com\/index.php\/wp-json\/wp\/v2\/media\/125683"}],"wp:attachment":[{"href":"https:\/\/www.actualidadadiario.com\/index.php\/wp-json\/wp\/v2\/media?parent=125682"}],"wp:term":[{"taxonomy":"category","embeddable":true,"href":"https:\/\/www.actualidadadiario.com\/index.php\/wp-json\/wp\/v2\/categories?post=125682"},{"taxonomy":"post_tag","embeddable":true,"href":"https:\/\/www.actualidadadiario.com\/index.php\/wp-json\/wp\/v2\/tags?post=125682"}],"curies":[{"name":"wp","href":"https:\/\/api.w.org\/{rel}","templated":true}]}}