{"id":125680,"date":"2025-03-06T11:34:38","date_gmt":"2025-03-06T14:34:38","guid":{"rendered":"https:\/\/www.actualidadadiario.com\/?p=125680"},"modified":"2025-03-06T11:34:38","modified_gmt":"2025-03-06T14:34:38","slug":"frigerio-adelanto-que-ira-a-la-justicia-tras-la-intervencion-del-iosper","status":"publish","type":"post","link":"https:\/\/www.actualidadadiario.com\/index.php\/2025\/03\/06\/frigerio-adelanto-que-ira-a-la-justicia-tras-la-intervencion-del-iosper\/","title":{"rendered":"Frigerio adelant\u00f3 que ir\u00e1 a la Justicia tras la intervenci\u00f3n del Iosper"},"content":{"rendered":"<p style=\"text-align: center;\"><strong><em>El gobernador Rogelio Frigerio asegur\u00f3 que denunciar\u00e1 en la Justicia los presuntos desmanejos llevados adelante por las administraciones del Instituto Obra Social de la Provincia de Entre R\u00edos (Iosper) en la previa a su intervenci\u00f3n<\/em><\/strong><\/p>\n<p>&nbsp;<\/p>\n<p>&nbsp;<\/p>\n<p>\u201cCelebro que ahora sea un centro de atenci\u00f3n. Durante muchos a\u00f1os, d\u00e9cadas, no lo fue. Nosotros encontramos un desastre. La p\u00e9sima atenci\u00f3n era porque estaba mal gestionada y con nichos de corrupci\u00f3n claros\u201d, afirm\u00f3 el mandatario provincial en una entrevista brindada a Canal 9. En ese sentido anunci\u00f3: \u201cEstamos juntando la informaci\u00f3n para hacer las denuncias correspondientes y estamos cambiando esa realidad\u201d.<\/p>\n<p>\u201cEstamos transformando la realidad\u201d, apunt\u00f3 y enumer\u00f3 situaciones irregulares: \u201clos medicamentos que se compraban al doble o triple de precios, lo mismo con las pr\u00f3tesis; prestaciones que se pagaban de m\u00e1s; sueldos de los directores que eran exorbitantes, cuatro veces de lo que gana el gobernador\u201d.<\/p>\n<p>\u201cA m\u00ed no me eligieron para que mire para otro lado, me eligieron para cambiar una realidad que a los entrerrianos no les gustaba\u201d, remarc\u00f3 Frigerio. Al ser consultado si este proceso termina en la justicia, respondi\u00f3: \u201cSin dudas. Donde haya hechos que as\u00ed lo ameriten, tenemos la obligaci\u00f3n de denunciar las cosas que estaban mal hechas\u201d.<\/p>\n","protected":false},"excerpt":{"rendered":"<p>El gobernador Rogelio Frigerio asegur\u00f3 que denunciar\u00e1 en la Justicia los presuntos desmanejos llevados adelante por las administraciones del Instituto Obra Social de la Provincia de Entre R\u00edos (Iosper) en la previa a su intervenci\u00f3n &nbsp; &nbsp; \u201cCelebro que ahora sea un centro de atenci\u00f3n. Durante muchos a\u00f1os, d\u00e9cadas, no lo fue. Nosotros encontramos un desastre. La p\u00e9sima atenci\u00f3n era porque estaba mal gestionada y con nichos de corrupci\u00f3n claros\u201d, afirm\u00f3 el mandatario provincial en una entrevista brindada a Canal 9. En ese sentido anunci\u00f3: \u201cEstamos juntando la informaci\u00f3n para&#8230;<\/p>\n","protected":false},"author":3,"featured_media":120749,"comment_status":"closed","ping_status":"closed","sticky":false,"template":"","format":"standard","meta":[],"categories":[15],"tags":[],"_links":{"self":[{"href":"https:\/\/www.actualidadadiario.com\/index.php\/wp-json\/wp\/v2\/posts\/125680"}],"collection":[{"href":"https:\/\/www.actualidadadiario.com\/index.php\/wp-json\/wp\/v2\/posts"}],"about":[{"href":"https:\/\/www.actualidadadiario.com\/index.php\/wp-json\/wp\/v2\/types\/post"}],"author":[{"embeddable":true,"href":"https:\/\/www.actualidadadiario.com\/index.php\/wp-json\/wp\/v2\/users\/3"}],"replies":[{"embeddable":true,"href":"https:\/\/www.actualidadadiario.com\/index.php\/wp-json\/wp\/v2\/comments?post=125680"}],"version-history":[{"count":1,"href":"https:\/\/www.actualidadadiario.com\/index.php\/wp-json\/wp\/v2\/posts\/125680\/revisions"}],"predecessor-version":[{"id":125681,"href":"https:\/\/www.actualidadadiario.com\/index.php\/wp-json\/wp\/v2\/posts\/125680\/revisions\/125681"}],"wp:featuredmedia":[{"embeddable":true,"href":"https:\/\/www.actualidadadiario.com\/index.php\/wp-json\/wp\/v2\/media\/120749"}],"wp:attachment":[{"href":"https:\/\/www.actualidadadiario.com\/index.php\/wp-json\/wp\/v2\/media?parent=125680"}],"wp:term":[{"taxonomy":"category","embeddable":true,"href":"https:\/\/www.actualidadadiario.com\/index.php\/wp-json\/wp\/v2\/categories?post=125680"},{"taxonomy":"post_tag","embeddable":true,"href":"https:\/\/www.actualidadadiario.com\/index.php\/wp-json\/wp\/v2\/tags?post=125680"}],"curies":[{"name":"wp","href":"https:\/\/api.w.org\/{rel}","templated":true}]}}