{"id":125677,"date":"2025-03-06T11:33:34","date_gmt":"2025-03-06T14:33:34","guid":{"rendered":"https:\/\/www.actualidadadiario.com\/?p=125677"},"modified":"2025-03-06T11:33:34","modified_gmt":"2025-03-06T14:33:34","slug":"siguen-los-pases-nombran-dirigente-del-pj-en-un-puesto-de-ater","status":"publish","type":"post","link":"https:\/\/www.actualidadadiario.com\/index.php\/2025\/03\/06\/siguen-los-pases-nombran-dirigente-del-pj-en-un-puesto-de-ater\/","title":{"rendered":"Siguen los pases: nombran dirigente del PJ en un puesto de ATER"},"content":{"rendered":"<p style=\"text-align: center;\"><em><strong>El abogado Didier Jourd\u00e1n, exprecandidato a intendente de San Jos\u00e9 por el peronismo, fue designado en un cargo en la Administradora Tributaria de Entre R\u00edos (ATER). El joven dirigente es hijo de Eduardo Jourd\u00e1n, exdiputado provincial y expresidente municipal de la localidad del departamento Col\u00f3n<\/strong><\/em><\/p>\n<p>&nbsp;<\/p>\n<p>&nbsp;<\/p>\n<p>As\u00ed se establece en la resoluci\u00f3n n\u00b0 024, firmada por el director ejecutivo de ATER, Jes\u00fas Korell, mediante la cual se designa a Jourd\u00e1n al frente de la Subdirecci\u00f3n de Relaci\u00f3n con el Contribuyente a partir del 4 de febrero.<\/p>\n<p>En la resoluci\u00f3n, se indica que la repartici\u00f3n que ahora integra Jourd\u00e1n tiene a cargo \u201cla misi\u00f3n de gestionar la prestaci\u00f3n de servicios a los contribuyentes a trav\u00e9s de canales presenciales y electr\u00f3nicos u otras herramientas innovadoras\u201d. Tambi\u00e9n se le adjudica la tarea de \u201csupervisar la prestaci\u00f3n de servicios de las oficinas de atenci\u00f3n al p\u00fablico en las distintas jurisdicciones\u201d.<\/p>\n<p>Didier Jourd\u00e1n, de profesi\u00f3n abogado, fue vicepresidente del Ente Regulador del Recurso Termal de Entre R\u00edos (Errterr) en la gesti\u00f3n de Gustavo Bordet. La familia Jourd\u00e1n est\u00e1 ligada a la actividad termal y son fundadores de las termas de San Jos\u00e9.<\/p>\n<p>De activa militancia en el peronismo, Didier Jourd\u00e1n compiti\u00f3 en 2023 en las elecciones internas como precandidato a intendente de San Jos\u00e9, pero perdi\u00f3 contra otro joven dirigente, Gustavo Basti\u00e1n, quien se convirti\u00f3 en presidente municipal de la localidad.<\/p>\n<p>Su padre, Eduardo Jourd\u00e1n, tambi\u00e9n abogado, fue intendente de San Jos\u00e9 entre 2003 y 2007, con Jorge Busti gobernador.<\/p>\n<p>Luego, ya en la gesti\u00f3n de Sergio Urribarri, fue diputado provincial entre 2007 y 2011. Tras el conflicto con el campo se acerc\u00f3 al dirigente ruralista Alfredo De \u00c1ngeli, hoy senador nacional, e intent\u00f3 renovar mandato legislativo en la boleta del Frente Entrerriano Federal (FEF) de Busti, pero no entr\u00f3.<\/p>\n<p>Posteriormente, volvi\u00f3 al PJ y trabaj\u00f3 en \u201cel sue\u00f1o entrerriano\u201d, la precandidatura presidencial de Urribarri.<\/p>\n","protected":false},"excerpt":{"rendered":"<p>El abogado Didier Jourd\u00e1n, exprecandidato a intendente de San Jos\u00e9 por el peronismo, fue designado en un cargo en la Administradora Tributaria de Entre R\u00edos (ATER). El joven dirigente es hijo de Eduardo Jourd\u00e1n, exdiputado provincial y expresidente municipal de la localidad del departamento Col\u00f3n &nbsp; &nbsp; As\u00ed se establece en la resoluci\u00f3n n\u00b0 024, firmada por el director ejecutivo de ATER, Jes\u00fas Korell, mediante la cual se designa a Jourd\u00e1n al frente de la Subdirecci\u00f3n de Relaci\u00f3n con el Contribuyente a partir del 4 de febrero. En la resoluci\u00f3n,&#8230;<\/p>\n","protected":false},"author":3,"featured_media":125678,"comment_status":"closed","ping_status":"closed","sticky":false,"template":"","format":"standard","meta":[],"categories":[15],"tags":[],"_links":{"self":[{"href":"https:\/\/www.actualidadadiario.com\/index.php\/wp-json\/wp\/v2\/posts\/125677"}],"collection":[{"href":"https:\/\/www.actualidadadiario.com\/index.php\/wp-json\/wp\/v2\/posts"}],"about":[{"href":"https:\/\/www.actualidadadiario.com\/index.php\/wp-json\/wp\/v2\/types\/post"}],"author":[{"embeddable":true,"href":"https:\/\/www.actualidadadiario.com\/index.php\/wp-json\/wp\/v2\/users\/3"}],"replies":[{"embeddable":true,"href":"https:\/\/www.actualidadadiario.com\/index.php\/wp-json\/wp\/v2\/comments?post=125677"}],"version-history":[{"count":1,"href":"https:\/\/www.actualidadadiario.com\/index.php\/wp-json\/wp\/v2\/posts\/125677\/revisions"}],"predecessor-version":[{"id":125679,"href":"https:\/\/www.actualidadadiario.com\/index.php\/wp-json\/wp\/v2\/posts\/125677\/revisions\/125679"}],"wp:featuredmedia":[{"embeddable":true,"href":"https:\/\/www.actualidadadiario.com\/index.php\/wp-json\/wp\/v2\/media\/125678"}],"wp:attachment":[{"href":"https:\/\/www.actualidadadiario.com\/index.php\/wp-json\/wp\/v2\/media?parent=125677"}],"wp:term":[{"taxonomy":"category","embeddable":true,"href":"https:\/\/www.actualidadadiario.com\/index.php\/wp-json\/wp\/v2\/categories?post=125677"},{"taxonomy":"post_tag","embeddable":true,"href":"https:\/\/www.actualidadadiario.com\/index.php\/wp-json\/wp\/v2\/tags?post=125677"}],"curies":[{"name":"wp","href":"https:\/\/api.w.org\/{rel}","templated":true}]}}