{"id":125665,"date":"2025-03-05T16:08:01","date_gmt":"2025-03-05T19:08:01","guid":{"rendered":"https:\/\/www.actualidadadiario.com\/?p=125665"},"modified":"2025-03-05T16:08:01","modified_gmt":"2025-03-05T19:08:01","slug":"groenlandia-no-esta-en-venta-advierte-a-trump-el-primer-ministro","status":"publish","type":"post","link":"https:\/\/www.actualidadadiario.com\/index.php\/2025\/03\/05\/groenlandia-no-esta-en-venta-advierte-a-trump-el-primer-ministro\/","title":{"rendered":"&#8220;Groenlandia no est\u00e1 en venta&#8221;, advierte a Trump el primer ministro"},"content":{"rendered":"<p style=\"text-align: center;\"><em><strong>&#8220;Groenlandia es nuestra. No queremos ser estadounidenses, tampoco daneses, somos groenlandeses&#8221;, proclam\u00f3 M\u00fate B. Egede<\/strong><\/em><\/p>\n<p>&nbsp;<\/p>\n<p>&nbsp;<\/p>\n<p>El primer ministro de Groenlandia, M\u00fate B. Egede, resalt\u00f3 que ese territorio aut\u00f3nomo de Dinamarca no quiere ser parte de los Estados Unidos, horas despu\u00e9s de que Donald Trump reiterase su inter\u00e9s por la isla \u00e1rtica. &#8220;Groenlandia es nuestra. No queremos ser estadounidenses, tampoco daneses, somos groenlandeses. Los estadounidenses y su l\u00edder deben entenderlo. No estamos en venta y no pueden adquirirnos sin m\u00e1s, porque nuestro futuro lo decidimos nosotros en Groenlandia&#8221;, escribi\u00f3 el jefe de Gobierno groenland\u00e9s, M\u00fate B. Egede, en su cuenta en la red social Facebook.<\/p>\n<p>Sus palabras est\u00e1n en la misma l\u00ednea de otras declaraciones anteriores en los \u00faltimos meses, desde que Trump hizo p\u00fablica su intenci\u00f3n de hacerse con esta isla y amenaz\u00f3 a Dinamarca con medidas coercitivas si no acced\u00eda a sus deseos. Por su parte, el ministro de Exteriores dan\u00e9s, Lars L\u00f8kke Rasmussen, afirm\u00f3 que los groenlandeses &#8220;quieren aflojar sus lazos con Dinamarca&#8221; y que se est\u00e1 trabajando en pos de una relaci\u00f3n &#8220;m\u00e1s igualitaria&#8221;. &#8220;Pero no tengo idea de que quieran hacer eso para integrarse en Estados Unidos&#8221;, expres\u00f3 en una rueda de prensa en Helsinki.<\/p>\n<p>&#8220;Eso no suceder\u00e1&#8221;, reaccion\u00f3 tambi\u00e9n el ministro de Defensa dan\u00e9s Trouls Lund Poulsen ante el medio p\u00fablico DR, a\u00f1adiendo que &#8220;la direcci\u00f3n que Groenlandia quiere tomar ser\u00e1 decidida por los groenlandeses&#8221;.<\/p>\n<p>Trump invit\u00f3 la v\u00edspera al pueblo de Groenlandia a unirse a los Estados Unidos, durante el discurso que ofreci\u00f3 ante la sesi\u00f3n conjunta del Congreso estadounidense, donde recalc\u00f3 que Washington ans\u00eda incorporar la isla a su territorio por motivos de seguridad nacional y que conseguir\u00e1 esa incorporaci\u00f3n &#8220;de una forma u otra&#8221;.<\/p>\n<p>Rasmussen no dio importancia a esta \u00faltima puntualizaci\u00f3n y coment\u00f3 que la parte m\u00e1s importante del discurso de Trump fue cuando reconoci\u00f3 el derecho a la autodeterminaci\u00f3n del pueblo groenland\u00e9s.<\/p>\n<p>Trump expres\u00f3 en varias ocasiones su deseo de que la isla del \u00c1rtico -de gran importancia estrat\u00e9gica y que se cree que contiene grandes reservas sin explotar de minerales y\u00a0\u00a0 petr\u00f3leo- pase a formar parte de Estados Unidos, record\u00f3 el sitio dw. &#8220;Somos conscientes de que Groenlandia, Dinamarca y los Estados Unidos tienen intereses comunes en lo que respecta a la seguridad en el extremo norte y el \u00c1rtico y estamos dispuestos a trabajar con nuestros amigos estadounidenses para lograrlo. Pero, por supuesto, sobre la base de que tenemos un reino de Dinamarca&#8221;, recalc\u00f3 Rasmussen.<\/p>\n<p>&nbsp;<\/p>\n<p><strong>Groenlandia va a elecciones<\/strong><\/p>\n<p>Groenlandia celebrar\u00e1 elecciones auton\u00f3micas el pr\u00f3ximo martes 11 de marzo. Su Parlamento, preocupado por posibles injerencias extranjeras en los comicios, aprob\u00f3 el martes 4 de febrero una ley que proh\u00edbe que los partidos pol\u00edticos reciban donaciones an\u00f3nimas o extranjeras.<\/p>\n<p>Gorenlandia cuenta desde 2010 con un nuevo Estatuto de autonom\u00eda que reconoce el derecho de autodeterminaci\u00f3n. Todas las fuerzas pol\u00edticas con representaci\u00f3n parlamentaria apoyan la independencia, pero difieren en los ritmos y en la forma de sustentarla.<\/p>\n<p>Mientras el IA de Egede y el Siumut, las dos principales fuerzas, abogan por construir primero una base econ\u00f3mica s\u00f3lida, otras como el Naleraq -tercer partido por apoyo parlamentario- defienden un proceso m\u00e1s r\u00e1pido y la firma de un tratado de asociaci\u00f3n con los Estados Unidos, aunque tampoco dan una fecha para la independencia.<\/p>\n","protected":false},"excerpt":{"rendered":"<p>&#8220;Groenlandia es nuestra. No queremos ser estadounidenses, tampoco daneses, somos groenlandeses&#8221;, proclam\u00f3 M\u00fate B. Egede &nbsp; &nbsp; El primer ministro de Groenlandia, M\u00fate B. Egede, resalt\u00f3 que ese territorio aut\u00f3nomo de Dinamarca no quiere ser parte de los Estados Unidos, horas despu\u00e9s de que Donald Trump reiterase su inter\u00e9s por la isla \u00e1rtica. &#8220;Groenlandia es nuestra. No queremos ser estadounidenses, tampoco daneses, somos groenlandeses. Los estadounidenses y su l\u00edder deben entenderlo. No estamos en venta y no pueden adquirirnos sin m\u00e1s, porque nuestro futuro lo decidimos nosotros en Groenlandia&#8221;, escribi\u00f3&#8230;<\/p>\n","protected":false},"author":3,"featured_media":125666,"comment_status":"closed","ping_status":"closed","sticky":false,"template":"","format":"standard","meta":[],"categories":[4],"tags":[],"_links":{"self":[{"href":"https:\/\/www.actualidadadiario.com\/index.php\/wp-json\/wp\/v2\/posts\/125665"}],"collection":[{"href":"https:\/\/www.actualidadadiario.com\/index.php\/wp-json\/wp\/v2\/posts"}],"about":[{"href":"https:\/\/www.actualidadadiario.com\/index.php\/wp-json\/wp\/v2\/types\/post"}],"author":[{"embeddable":true,"href":"https:\/\/www.actualidadadiario.com\/index.php\/wp-json\/wp\/v2\/users\/3"}],"replies":[{"embeddable":true,"href":"https:\/\/www.actualidadadiario.com\/index.php\/wp-json\/wp\/v2\/comments?post=125665"}],"version-history":[{"count":1,"href":"https:\/\/www.actualidadadiario.com\/index.php\/wp-json\/wp\/v2\/posts\/125665\/revisions"}],"predecessor-version":[{"id":125667,"href":"https:\/\/www.actualidadadiario.com\/index.php\/wp-json\/wp\/v2\/posts\/125665\/revisions\/125667"}],"wp:featuredmedia":[{"embeddable":true,"href":"https:\/\/www.actualidadadiario.com\/index.php\/wp-json\/wp\/v2\/media\/125666"}],"wp:attachment":[{"href":"https:\/\/www.actualidadadiario.com\/index.php\/wp-json\/wp\/v2\/media?parent=125665"}],"wp:term":[{"taxonomy":"category","embeddable":true,"href":"https:\/\/www.actualidadadiario.com\/index.php\/wp-json\/wp\/v2\/categories?post=125665"},{"taxonomy":"post_tag","embeddable":true,"href":"https:\/\/www.actualidadadiario.com\/index.php\/wp-json\/wp\/v2\/tags?post=125665"}],"curies":[{"name":"wp","href":"https:\/\/api.w.org\/{rel}","templated":true}]}}